{"id":11845,"date":"2024-12-04T12:52:50","date_gmt":"2024-12-04T15:52:50","guid":{"rendered":"https:\/\/velinn.com\/?p=11845"},"modified":"2024-12-04T12:55:00","modified_gmt":"2024-12-04T15:55:00","slug":"conheca-as-belezas-da-praia-do-saco-da-capela-em-ilhabela","status":"publish","type":"post","link":"https:\/\/velinn.com\/es\/blog\/conheca-as-belezas-da-praia-do-saco-da-capela-em-ilhabela\/","title":{"rendered":"Conhe\u00e7a as belezas da Praia do Saco da Capela em Ilhabela"},"content":{"rendered":"<div data-elementor-type=\"wp-post\" data-elementor-id=\"11845\" class=\"elementor elementor-11845\" data-elementor-post-type=\"post\">\n\t\t\t\t<div class=\"elementor-element elementor-element-19b8943 e-flex e-con-boxed e-con e-parent\" data-id=\"19b8943\" data-element_type=\"container\" data-e-type=\"container\">\n\t\t\t\t\t<div class=\"e-con-inner\">\n\t\t\t\t<div class=\"elementor-element elementor-element-7991767 elementor-widget elementor-widget-image\" data-id=\"7991767\" data-element_type=\"widget\" data-e-type=\"widget\" data-widget_type=\"image.default\">\n\t\t\t\t<div class=\"elementor-widget-container\">\n\t\t\t\t\t\t\t\t\t\t\t\t\t\t\t<img decoding=\"async\" src=\"https:\/\/velinn.com\/wp-content\/uploads\/elementor\/thumbs\/Conheca-as-belezas-da-Praia-do-Saco-da-Capela-em-Ilhabela-qqa0uqvnetjqtv0x7qrhw42vni76be5v1zcmr37s7o-qy0pos4t3uix07yut5xypl21ybx7kqszb2pvol0gpg.webp\" title=\"Conheca-as-belezas-da-Praia-do-Saco-da-Capela-em-Ilhabela-qqa0uqvnetjqtv0x7qrhw42vni76be5v1zcmr37s7o\" alt=\"Conheca-as-belezas-da-Praia-do-Saco-da-Capela-em-Ilhabela-qqa0uqvnetjqtv0x7qrhw42vni76be5v1zcmr37s7o\" loading=\"lazy\" \/>\t\t\t\t\t\t\t\t\t\t\t\t\t\t\t<\/div>\n\t\t\t\t<\/div>\n\t\t\t\t<div class=\"elementor-element elementor-element-45d838e elementor-widget elementor-widget-text-editor\" data-id=\"45d838e\" data-element_type=\"widget\" data-e-type=\"widget\" data-widget_type=\"text-editor.default\">\n\t\t\t\t<div class=\"elementor-widget-container\">\n\t\t\t\t\t\t\t\t\t<p>Se voc\u00ea est\u00e1 procurando um lugar perfeito para relaxar, se conectar com a natureza e curtir um visual incr\u00edvel, a\u00a0<b>Praia do Saco da Capela em Ilhabela<\/b>\u00a0\u00e9 o destino ideal.\u00a0<\/p><p>LA\u00a0<b>Praia do Saco da Capela em\u00a0<\/b><a href=\"https:\/\/velinn.com\/es\/blog\/tudo-o-que-voce-precisa-saber-pra-ter-uma-otima-experiencia-em-ilhabela\/\"><b>Bella isla<\/b><\/a>\u00a0\u00e9 um verdadeiro tesouro natural. A proximidade com a vila permite ao visitante curtir o dia todo sem precisar pegar o carro. Com um ambiente tranquilo e uma paisagem de tirar o f\u00f4lego, ela \u00e9 o destino ideal para quem busca relaxar e aproveitar as belezas naturais do litoral paulista. No post de hoje, vamos conhecer um pouco mais sobre uma das praias mais bonitas da regi\u00e3o. Vem com a gente!<\/p><h2>Atra\u00e7\u00f5es da Praia do Saco da Capela em Ilhabela<\/h2><p>Com suas \u00e1guas calmas e cristalinas, essa praia \u00e9 um verdadeiro para\u00edso escondido, perfeita para quem quer fugir do agito e encontrar um cantinho tranquilo para chamar de seu. Localizada pr\u00f3xima ao centro hist\u00f3rico da Vila, a\u00a0<b>Praia do Saco da Capela em Ilhabela\u00a0<\/b>\u00e9 perfeita para quem quer relaxar em um cen\u00e1rio de tirar o f\u00f4lego, com a conveni\u00eancia de estar perto de \u00f3timos bares e restaurantes.<\/p><p>A praia \u00e9 repleta de lanchas e veleiros que d\u00e3o um charme todo especial ao lugar. No local tamb\u00e9m existem quiosques, restaurantes, clubes de praia, banheiros, chuveiros e um belo cal\u00e7ad\u00e3o com muitas \u00e1rvores, que formam sombras para seus visitantes sobre uma grande \u00e1rea gramada.<\/p><p>Al\u00e9m de todas as belezas naturais, a localiza\u00e7\u00e3o da\u00a0<b>Praia do Saco da Capela em Ilhabela<\/b>\u00a0\u00e9 um grande atrativo. A poucos minutos de caminhada, voc\u00ea chega ao centro hist\u00f3rico de Ilhabela. L\u00e1, voc\u00ea pode explorar as charmosas ruas de paralelep\u00edpedo, visitar lojinhas de artesanato e saborear a deliciosa culin\u00e1ria local em restaurantes aconchegantes. O centro hist\u00f3rico \u00e9 um passeio imperd\u00edvel, que complementa perfeitamente um dia de praia.<\/p><p>As \u00e1guas calmas e cristalinas da\u00a0<b>Praia do Saco da Capela em Ilhabela\u00a0<\/b>s\u00e3o um convite irrecus\u00e1vel para um mergulho refrescante. O visual ainda ganha um toque especial com a vista para a marina e os veleiros ancorados, que adicionam um charme n\u00e1utico ao local.<\/p><p>Se a ideia for relaxar, os quiosques e restaurantes \u00e0 beira-mar s\u00e3o uma boa op\u00e7\u00e3o para voc\u00ea sentar e relaxar. Eles s\u00e3o ideais para quem quer saborear petiscos fresquinhos e bebidas geladas sem precisar sair da areia. Experimente os famosos bolinhos de peixe e um drink tropical enquanto observa o vai e vem das ondas. Voc\u00ea vai adorar!<\/p><p>Chegue cedo para garantir um bom lugar na sombra das \u00e1rvores, especialmente nos fins de semana e feriados. Traga seu kit de snorkel, pois as \u00e1guas transparentes s\u00e3o perfeitas para observar a vida marinha. E, claro, n\u00e3o se esque\u00e7a de passar o protetor solar!<\/p><h2>D\u00f3nde alojarse en Ilhabela-SP<\/h2><p>Se voc\u00ea est\u00e1 planejando conhecer a\u00a0<b>Playa Saco da Capela<\/b>\u00a0<b>em Ilhabela<\/b>\u00a0e est\u00e1 procurando uma hospedagem completa, conte com o conforto e o aconchego dos\u00a0<a href=\"https:\/\/velinn.com\/es\/rede-velinn-ilhabela\/\">hot\u00e9is e pousadas da\u00a0<b>Red Velinn<\/b><\/a>.<\/p><p>Com op\u00e7\u00f5es espalhadas em diversos cantos da Ilha, temos certeza que voc\u00ea encontrar\u00e1 uma op\u00e7\u00e3o que atenda todas as suas necessidades, incluindo o f\u00e1cil acesso aos pontos que voc\u00ea deseja conhecer, conforto para o descanso, atendimento de qualidade e muito mais.<\/p><p>Accede a nuestro\u00a0<a href=\"https:\/\/velinn.com\/es\/\">sitio<\/a>\u00a0para conferir todos os detalhes e escolher sua op\u00e7\u00e3o, e d\u00ea uma conferida em nosso\u00a0<a href=\"https:\/\/velinn.com\/es\/blog\/\">Blog<\/a>, assim voc\u00ea j\u00e1 monta o roteiro perfeito para seus dias em Ilhabela.\u00a0<\/p><p>Vem aproveitar Ilhabela com a<b>\u00a0Red Velinn<\/b>, voc\u00ea viver\u00e1 uma experi\u00eancia incr\u00edvel.<\/p><p>\u00a1Te estamos esperando!<\/p>\t\t\t\t\t\t\t\t<\/div>\n\t\t\t\t<\/div>\n\t\t\t\t<div class=\"elementor-element elementor-element-d97de2a elementor-widget elementor-widget-heading\" data-id=\"d97de2a\" data-element_type=\"widget\" data-e-type=\"widget\" data-widget_type=\"heading.default\">\n\t\t\t\t<div class=\"elementor-widget-container\">\n\t\t\t\t\t<h2 class=\"elementor-heading-title elementor-size-default\">Voc\u00ea pode gostar tamb\u00e9m:<\/h2>\t\t\t\t<\/div>\n\t\t\t\t<\/div>\n\t\t\t\t<div class=\"elementor-element elementor-element-046bb9d elementor-posts--align-center elementor-grid-3 elementor-grid-tablet-2 elementor-grid-mobile-1 elementor-posts--thumbnail-top elementor-card-shadow-yes elementor-posts__hover-gradient elementor-widget elementor-widget-posts\" data-id=\"046bb9d\" data-element_type=\"widget\" data-e-type=\"widget\" data-settings=\"{&quot;cards_columns&quot;:&quot;3&quot;,&quot;cards_columns_tablet&quot;:&quot;2&quot;,&quot;cards_columns_mobile&quot;:&quot;1&quot;,&quot;cards_row_gap&quot;:{&quot;unit&quot;:&quot;px&quot;,&quot;size&quot;:35,&quot;sizes&quot;:[]},&quot;cards_row_gap_laptop&quot;:{&quot;unit&quot;:&quot;px&quot;,&quot;size&quot;:&quot;&quot;,&quot;sizes&quot;:[]},&quot;cards_row_gap_tablet&quot;:{&quot;unit&quot;:&quot;px&quot;,&quot;size&quot;:&quot;&quot;,&quot;sizes&quot;:[]},&quot;cards_row_gap_mobile&quot;:{&quot;unit&quot;:&quot;px&quot;,&quot;size&quot;:&quot;&quot;,&quot;sizes&quot;:[]}}\" data-widget_type=\"posts.cards\">\n\t\t\t\t<div class=\"elementor-widget-container\">\n\t\t\t\t\t\t\t<div class=\"elementor-posts-container elementor-posts elementor-posts--skin-cards elementor-grid\" role=\"list\">\n\t\t\t\t<article class=\"elementor-post elementor-grid-item post-47717 post type-post status-publish format-standard has-post-thumbnail hentry category-blog tag-cupom-viagem-dia-das-maes tag-dia-das-maes-viagem tag-hoteis-romanticos-serra-da-mantiqueira tag-onde-viajar-dia-das-maes tag-presente-dia-das-maes tag-velinn-hoteis tag-viagem-em-familia-brasil\" role=\"listitem\">\n\t\t\t<div class=\"elementor-post__card\">\n\t\t\t\t<a class=\"elementor-post__thumbnail__link\" href=\"https:\/\/velinn.com\/es\/blog\/dia-das-maes-presenteie-com-uma-viagem-inesquecivel-em-familia\/\" tabindex=\"-1\" ><div class=\"elementor-post__thumbnail\"><img fetchpriority=\"high\" decoding=\"async\" width=\"1920\" height=\"1088\" src=\"https:\/\/velinn.com\/wp-content\/uploads\/2026\/04\/viagem-dia-das-maes-desconto-rede-velinn-hoteis-e-pousadas-post.jpg\" class=\"attachment-full size-full wp-image-47735\" alt=\"Dia das M\u00e3es: presenteie com uma viagem inesquec\u00edvel em fam\u00edlia - Hospedagens Velinn com 10% de desconto\" srcset=\"https:\/\/velinn.com\/wp-content\/uploads\/2026\/04\/viagem-dia-das-maes-desconto-rede-velinn-hoteis-e-pousadas-post.jpg 1920w, https:\/\/velinn.com\/wp-content\/uploads\/2026\/04\/viagem-dia-das-maes-desconto-rede-velinn-hoteis-e-pousadas-post-300x170.jpg 300w, https:\/\/velinn.com\/wp-content\/uploads\/2026\/04\/viagem-dia-das-maes-desconto-rede-velinn-hoteis-e-pousadas-post-1024x580.jpg 1024w, https:\/\/velinn.com\/wp-content\/uploads\/2026\/04\/viagem-dia-das-maes-desconto-rede-velinn-hoteis-e-pousadas-post-768x435.jpg 768w, https:\/\/velinn.com\/wp-content\/uploads\/2026\/04\/viagem-dia-das-maes-desconto-rede-velinn-hoteis-e-pousadas-post-1536x870.jpg 1536w, https:\/\/velinn.com\/wp-content\/uploads\/2026\/04\/viagem-dia-das-maes-desconto-rede-velinn-hoteis-e-pousadas-post-18x10.jpg 18w\" sizes=\"(max-width: 1920px) 100vw, 1920px\" \/><\/div><\/a>\n\t\t\t\t<div class=\"elementor-post__text\">\n\t\t\t\t<h3 class=\"elementor-post__title\">\n\t\t\t<a href=\"https:\/\/velinn.com\/es\/blog\/dia-das-maes-presenteie-com-uma-viagem-inesquecivel-em-familia\/\" >\n\t\t\t\tDia das M\u00e3es: presenteie com uma viagem inesquec\u00edvel em fam\u00edlia\t\t\t<\/a>\n\t\t<\/h3>\n\t\t\n\t\t<a class=\"elementor-post__read-more\" href=\"https:\/\/velinn.com\/es\/blog\/dia-das-maes-presenteie-com-uma-viagem-inesquecivel-em-familia\/\" aria-label=\"M\u00e1s informaci\u00f3n sobre Dia das M\u00e3es: presenteie com uma viagem inesquec\u00edvel em fam\u00edlia\" tabindex=\"-1\" >\n\t\t\tLeia Mais \u00bb\t\t<\/a>\n\n\t\t\t\t<\/div>\n\t\t\t\t\t<\/div>\n\t\t<\/article>\n\t\t\t\t<article class=\"elementor-post elementor-grid-item post-47643 post type-post status-publish format-standard has-post-thumbnail hentry category-blog tag-destino-de-inverno-brasil tag-destinos-de-inverno tag-hoteis-em-monte-verde tag-melhor-lugar-do-brasil-para-viajar-no-inverno tag-monte-verde-camanducaia tag-monte-verde-mg tag-o-que-fazer-em-monte-verde tag-onde-ficar-em-monte-verde tag-viagem-de-inverno-brasil tag-viagem-romantica-monte-verde\" role=\"listitem\">\n\t\t\t<div class=\"elementor-post__card\">\n\t\t\t\t<a class=\"elementor-post__thumbnail__link\" href=\"https:\/\/velinn.com\/es\/blog\/monte-verde-o-melhor-destino-de-inverno-do-brasil\/\" tabindex=\"-1\" ><div class=\"elementor-post__thumbnail\"><img decoding=\"async\" width=\"1600\" height=\"1067\" src=\"https:\/\/velinn.com\/wp-content\/uploads\/2024\/11\/Destinos_Velinn_Monte_Verde-34.jpg\" class=\"attachment-full size-full wp-image-6751\" alt=\"Destinos Velinn Hot\u00e9is e Pousadas - Monte Verde, Minas Gerais, Serra da Mantiqueira - Monte Verde foi eleito o melhor destino de inverno do Brasil \u2014 e por que voc\u00ea deve ir j\u00e1 no outono\" srcset=\"https:\/\/velinn.com\/wp-content\/uploads\/2024\/11\/Destinos_Velinn_Monte_Verde-34.jpg 1600w, https:\/\/velinn.com\/wp-content\/uploads\/2024\/11\/Destinos_Velinn_Monte_Verde-34-300x200.jpg 300w, https:\/\/velinn.com\/wp-content\/uploads\/2024\/11\/Destinos_Velinn_Monte_Verde-34-1024x683.jpg 1024w, https:\/\/velinn.com\/wp-content\/uploads\/2024\/11\/Destinos_Velinn_Monte_Verde-34-768x512.jpg 768w, https:\/\/velinn.com\/wp-content\/uploads\/2024\/11\/Destinos_Velinn_Monte_Verde-34-1536x1024.jpg 1536w\" sizes=\"(max-width: 1600px) 100vw, 1600px\" \/><\/div><\/a>\n\t\t\t\t<div class=\"elementor-post__text\">\n\t\t\t\t<h3 class=\"elementor-post__title\">\n\t\t\t<a href=\"https:\/\/velinn.com\/es\/blog\/monte-verde-o-melhor-destino-de-inverno-do-brasil\/\" >\n\t\t\t\tMonte Verde: o melhor destino de inverno do Brasil\t\t\t<\/a>\n\t\t<\/h3>\n\t\t\n\t\t<a class=\"elementor-post__read-more\" href=\"https:\/\/velinn.com\/es\/blog\/monte-verde-o-melhor-destino-de-inverno-do-brasil\/\" aria-label=\"M\u00e1s informaci\u00f3n sobre Monte Verde: o melhor destino de inverno do Brasil\" tabindex=\"-1\" >\n\t\t\tLeia Mais \u00bb\t\t<\/a>\n\n\t\t\t\t<\/div>\n\t\t\t\t\t<\/div>\n\t\t<\/article>\n\t\t\t\t<\/div>\n\t\t\n\t\t\t\t\t\t<\/div>\n\t\t\t\t<\/div>\n\t\t\t\t\t<\/div>\n\t\t\t\t<\/div>\n\t\t\t\t<\/div>","protected":false},"excerpt":{"rendered":"<p>Se voc\u00ea est\u00e1 procurando um lugar perfeito para relaxar, se conectar com a natureza e curtir<\/p>","protected":false},"author":4,"featured_media":11846,"comment_status":"closed","ping_status":"closed","sticky":false,"template":"elementor_header_footer","format":"standard","meta":{"_acf_changed":false,"footnotes":"","_links_to":"","_links_to_target":""},"categories":[10],"tags":[],"class_list":["post-11845","post","type-post","status-publish","format-standard","has-post-thumbnail","hentry","category-blog"],"acf":[],"_links":{"self":[{"href":"https:\/\/velinn.com\/es\/wp-json\/wp\/v2\/posts\/11845","targetHints":{"allow":["GET"]}}],"collection":[{"href":"https:\/\/velinn.com\/es\/wp-json\/wp\/v2\/posts"}],"about":[{"href":"https:\/\/velinn.com\/es\/wp-json\/wp\/v2\/types\/post"}],"author":[{"embeddable":true,"href":"https:\/\/velinn.com\/es\/wp-json\/wp\/v2\/users\/4"}],"replies":[{"embeddable":true,"href":"https:\/\/velinn.com\/es\/wp-json\/wp\/v2\/comments?post=11845"}],"version-history":[{"count":0,"href":"https:\/\/velinn.com\/es\/wp-json\/wp\/v2\/posts\/11845\/revisions"}],"wp:featuredmedia":[{"embeddable":true,"href":"https:\/\/velinn.com\/es\/wp-json\/wp\/v2\/media\/11846"}],"wp:attachment":[{"href":"https:\/\/velinn.com\/es\/wp-json\/wp\/v2\/media?parent=11845"}],"wp:term":[{"taxonomy":"category","embeddable":true,"href":"https:\/\/velinn.com\/es\/wp-json\/wp\/v2\/categories?post=11845"},{"taxonomy":"post_tag","embeddable":true,"href":"https:\/\/velinn.com\/es\/wp-json\/wp\/v2\/tags?post=11845"}],"curies":[{"name":"wp","href":"https:\/\/api.w.org\/{rel}","templated":true}]}}