{"id":1308,"date":"2024-08-12T04:52:01","date_gmt":"2024-08-12T07:52:01","guid":{"rendered":"https:\/\/velinn.com\/?p=1308"},"modified":"2024-12-04T12:48:43","modified_gmt":"2024-12-04T15:48:43","slug":"descubra-as-cachoeiras-de-ilhabela","status":"publish","type":"post","link":"https:\/\/velinn.com\/es\/blog\/descubra-as-cachoeiras-de-ilhabela\/","title":{"rendered":"Descubra as cachoeiras de Ilhabela"},"content":{"rendered":"<div data-elementor-type=\"wp-post\" data-elementor-id=\"1308\" class=\"elementor elementor-1308\" data-elementor-post-type=\"post\">\n\t\t\t\t<div class=\"elementor-element elementor-element-19b8943 e-flex e-con-boxed e-con e-parent\" data-id=\"19b8943\" data-element_type=\"container\" data-e-type=\"container\">\n\t\t\t\t\t<div class=\"e-con-inner\">\n\t\t\t\t<div class=\"elementor-element elementor-element-7991767 elementor-widget elementor-widget-image\" data-id=\"7991767\" data-element_type=\"widget\" data-e-type=\"widget\" data-widget_type=\"image.default\">\n\t\t\t\t<div class=\"elementor-widget-container\">\n\t\t\t\t\t\t\t\t\t\t\t\t\t\t\t<img decoding=\"async\" src=\"https:\/\/velinn.com\/wp-content\/uploads\/elementor\/thumbs\/Novo-Projeto-6-qtav0jtjqzklqoi72ixz76doy7yc0mzj5hoeqrc2ac-qy0pardh5tbxtmc1olrb0mfiyf13ra54doe4yzsvis.jpg\" title=\"Novo-Projeto-6-qtav0jtjqzklqoi72ixz76doy7yc0mzj5hoeqrc2ac\" alt=\"Novo-Projeto-6-qtav0jtjqzklqoi72ixz76doy7yc0mzj5hoeqrc2ac\" loading=\"lazy\" \/>\t\t\t\t\t\t\t\t\t\t\t\t\t\t\t<\/div>\n\t\t\t\t<\/div>\n\t\t\t\t<div class=\"elementor-element elementor-element-45d838e elementor-widget elementor-widget-text-editor\" data-id=\"45d838e\" data-element_type=\"widget\" data-e-type=\"widget\" data-widget_type=\"text-editor.default\">\n\t\t\t\t<div class=\"elementor-widget-container\">\n\t\t\t\t\t\t\t\t\t<p>Descubra as principais\u00a0<b>cachoeiras de Ilhabela\u00a0<\/b>e encante-se com trilhas, piscinas naturais e vistas incr\u00edveis. Aventuras refrescantes te aguardam!<\/p><p>Ilhabela \u00e9 famosa por suas belas praias, mas voc\u00ea sabia que as cachoeiras de l\u00e1 s\u00e3o igualmente impressionantes? Prepare-se para explorar quedas d\u2019\u00e1gua escondidas em meio \u00e0 mata atl\u00e2ntica, trilhas que te levam a paisagens de tirar o f\u00f4lego e piscinas naturais que te ajudar\u00e3o a se refrescar. Vamos conhecer algumas\u00a0<b>cachoeiras de Ilhabela<\/b>?<\/p><h2>Explore as belezas das cachoeiras de Ilhabela<\/h2><p>Quer aproveitar muito mais do que as praias? Que tal explorar as bel\u00edssimas\u00a0<b>cachoeiras de Ilhabela<\/b>? Oficialmente, s\u00e3o mais de 20 cachoeiras com po\u00e7os e piscinas naturais. Cada cachoeira tem seu pr\u00f3prio charme e atrativos. Po\u00e7os para banho, vistas deslumbrantes e trilhas cercadas de verde s\u00e3o apenas alguns dos destaques. Al\u00e9m disso, muitas dessas trilhas passam por \u00e1reas de preserva\u00e7\u00e3o, onde \u00e9 poss\u00edvel observar a fauna e a flora local.\u00a0<\/p><p>Confira abaixo tr\u00eas das cachoeiras mais famosas da regi\u00e3o.<\/p><h3>Cascada de Toca<\/h3><p>Primeira parada: Cachoeira da Toca. Essa \u00e9 uma das mais populares e tem bons motivos para isso. Com f\u00e1cil acesso pela estrada que leva ao bairro do Bonete, a trilha \u00e9 tranquila e bem sinalizada. Chegando l\u00e1, voc\u00ea vai se deparar com um tobog\u00e3 natural que faz a alegria da galera. A cachoeira tem v\u00e1rias quedas menores e po\u00e7os para banho, perfeitos para um dia de divers\u00e3o.<\/p><h3>Cachoeira do Veloso<\/h3><p>Localizada a 14 km da Vila e com o acesso somente por trilha, partindo da Praia do Veloso, a\u00a0<a href=\"https:\/\/velinn.com\/es\/blog\/conheca-a-paradisiaca-cachoeira-do-veloso-em-ilhabela\/\">Cachoeira do Veloso<\/a>\u00a0\u00e9 uma \u00f3tima atra\u00e7\u00e3o para aproveitar!<\/p><p>O acesso \u00e0 primeira queda \u00e9 feito atrav\u00e9s de uma trilha de n\u00edvel f\u00e1cil, com uma caminhada de aproximadamente 35 minutos. Essa queda cai sobre um po\u00e7o com cerca de 70 m\u00b2 e 1,70 m de profundidade. As outras duas quedas d\u2019\u00e1gua da Cachoeira do Veloso t\u00eam trilhas mais \u00edngremes e dif\u00edceis, e o percurso pode durar at\u00e9 40 minutos, subindo a montanha.\u00a0<\/p><p>O cen\u00e1rio que voc\u00ea encontrar\u00e1 recompensa o esfor\u00e7o. Ao chegar nas quedas, voc\u00ea ver\u00e1 que uma est\u00e1 para baixo do rio, num precip\u00edcio de 50m e exibe uma linda vista para o canal da Serra do Mar, l\u00e1 no continente.\u00a0<\/p><h3>Cachoeira do Paquet\u00e1<\/h3><p>Se voc\u00ea gosta de um pouco mais de aventura, a Cachoeira do Paquet\u00e1 \u00e9 a pedida. A trilha \u00e9 mais desafiadora e exige um pouco mais de preparo f\u00edsico, mas a recompensa vale cada passo. A Cachoeira do Paquet\u00e1 ficou famosa depois que os visitantes come\u00e7aram a postar fotos de l\u00e1 com a hashtag #secretpoint. A partir da\u00ed, todos queriam conhecer e tirar sua foto na incr\u00edvel cachoeira com borda infinita e vista para o mar. S\u00e3o v\u00e1rias quedas d\u2019\u00e1gua que formam piscinas naturais de \u00e1guas cristalinas. A vista l\u00e1 de cima \u00e9 simplesmente incr\u00edvel e a sensa\u00e7\u00e3o de estar em um lugar t\u00e3o preservado \u00e9 \u00fanica.<\/p><h3>Cascada de gato<\/h3><p>Agora, se voc\u00ea quer uma experi\u00eancia completa, a Cachoeira do Gato \u00e9 imperd\u00edvel. Para chegar at\u00e9 ela, \u00e9 preciso pegar um barco at\u00e9 a Praia de Castelhanos e de l\u00e1 seguir uma trilha que leva cerca de 40 minutos. A caminhada pode ser um pouco puxada, mas a cachoeira \u00e9 uma das mais altas de Ilhabela, com uma queda de 50 metros. No caminho \u00e9 poss\u00edvel encontrar esp\u00e9cies da flora nativa como o ip\u00ea, o pau-d\u2019alho, o ara\u00e7arana e o araticum-pan\u00e1.\u00a0A for\u00e7a da \u00e1gua e a beleza do lugar s\u00e3o de tirar o f\u00f4lego.<\/p><h2>Hospedagem em Ilhabela com a Rede Velinn<\/h2><p>Para su\u00a0<a href=\"https:\/\/velinn.com\/es\/blog\/onde-ficar-em-ilhabela-as-melhores-pousadas\/\">hospedaje en ilhabela<\/a>, conte com o excelente atendimento dos hot\u00e9is e pousadas da Rede Velinn. S\u00e3o diversas op\u00e7\u00f5es espalhadas pela ilha, muitas delas pet friendly, com \u00e1rea de lazer, excelente localiza\u00e7\u00e3o, acomoda\u00e7\u00f5es confort\u00e1veis e caf\u00e9 da manh\u00e3 impec\u00e1vel.\u00a0<\/p><p>Confira todas as op\u00e7\u00f5es e seus detalhes em nosso\u00a0<a href=\"https:\/\/velinn.com\/es\/\">sitio<\/a>, confira tamb\u00e9m mais dicas de passeios em nosso\u00a0<a href=\"https:\/\/velinn.com\/es\/blog\/\">Blog<\/a>\u00a0e venha j\u00e1 para c\u00e1.<\/p><p>Voc\u00ea vai adorar passar uns dias em Ilhabela.<\/p>\t\t\t\t\t\t\t\t<\/div>\n\t\t\t\t<\/div>\n\t\t\t\t<div class=\"elementor-element elementor-element-d97de2a elementor-widget elementor-widget-heading\" data-id=\"d97de2a\" data-element_type=\"widget\" data-e-type=\"widget\" data-widget_type=\"heading.default\">\n\t\t\t\t<div class=\"elementor-widget-container\">\n\t\t\t\t\t<h2 class=\"elementor-heading-title elementor-size-default\">Voc\u00ea pode gostar tamb\u00e9m:<\/h2>\t\t\t\t<\/div>\n\t\t\t\t<\/div>\n\t\t\t\t<div class=\"elementor-element elementor-element-046bb9d elementor-grid-3 elementor-grid-tablet-2 elementor-grid-mobile-1 elementor-posts--thumbnail-top elementor-card-shadow-yes elementor-posts__hover-gradient elementor-widget elementor-widget-posts\" data-id=\"046bb9d\" data-element_type=\"widget\" data-e-type=\"widget\" data-settings=\"{&quot;cards_columns&quot;:&quot;3&quot;,&quot;cards_columns_tablet&quot;:&quot;2&quot;,&quot;cards_columns_mobile&quot;:&quot;1&quot;,&quot;cards_row_gap&quot;:{&quot;unit&quot;:&quot;px&quot;,&quot;size&quot;:35,&quot;sizes&quot;:[]},&quot;cards_row_gap_laptop&quot;:{&quot;unit&quot;:&quot;px&quot;,&quot;size&quot;:&quot;&quot;,&quot;sizes&quot;:[]},&quot;cards_row_gap_tablet&quot;:{&quot;unit&quot;:&quot;px&quot;,&quot;size&quot;:&quot;&quot;,&quot;sizes&quot;:[]},&quot;cards_row_gap_mobile&quot;:{&quot;unit&quot;:&quot;px&quot;,&quot;size&quot;:&quot;&quot;,&quot;sizes&quot;:[]}}\" data-widget_type=\"posts.cards\">\n\t\t\t\t<div class=\"elementor-widget-container\">\n\t\t\t\t\t\t\t<div class=\"elementor-posts-container elementor-posts elementor-posts--skin-cards elementor-grid\" role=\"list\">\n\t\t\t\t<article class=\"elementor-post elementor-grid-item post-47717 post type-post status-publish format-standard has-post-thumbnail hentry category-blog tag-cupom-viagem-dia-das-maes tag-dia-das-maes-viagem tag-hoteis-romanticos-serra-da-mantiqueira tag-onde-viajar-dia-das-maes tag-presente-dia-das-maes tag-velinn-hoteis tag-viagem-em-familia-brasil\" role=\"listitem\">\n\t\t\t<div class=\"elementor-post__card\">\n\t\t\t\t<a class=\"elementor-post__thumbnail__link\" href=\"https:\/\/velinn.com\/es\/blog\/dia-das-maes-presenteie-com-uma-viagem-inesquecivel-em-familia\/\" tabindex=\"-1\" ><div class=\"elementor-post__thumbnail\"><img fetchpriority=\"high\" decoding=\"async\" width=\"1920\" height=\"1088\" src=\"https:\/\/velinn.com\/wp-content\/uploads\/2026\/04\/viagem-dia-das-maes-desconto-rede-velinn-hoteis-e-pousadas-post.jpg\" class=\"attachment-full size-full wp-image-47735\" alt=\"Dia das M\u00e3es: presenteie com uma viagem inesquec\u00edvel em fam\u00edlia - Hospedagens Velinn com 10% de desconto\" srcset=\"https:\/\/velinn.com\/wp-content\/uploads\/2026\/04\/viagem-dia-das-maes-desconto-rede-velinn-hoteis-e-pousadas-post.jpg 1920w, https:\/\/velinn.com\/wp-content\/uploads\/2026\/04\/viagem-dia-das-maes-desconto-rede-velinn-hoteis-e-pousadas-post-300x170.jpg 300w, https:\/\/velinn.com\/wp-content\/uploads\/2026\/04\/viagem-dia-das-maes-desconto-rede-velinn-hoteis-e-pousadas-post-1024x580.jpg 1024w, https:\/\/velinn.com\/wp-content\/uploads\/2026\/04\/viagem-dia-das-maes-desconto-rede-velinn-hoteis-e-pousadas-post-768x435.jpg 768w, https:\/\/velinn.com\/wp-content\/uploads\/2026\/04\/viagem-dia-das-maes-desconto-rede-velinn-hoteis-e-pousadas-post-1536x870.jpg 1536w, https:\/\/velinn.com\/wp-content\/uploads\/2026\/04\/viagem-dia-das-maes-desconto-rede-velinn-hoteis-e-pousadas-post-18x10.jpg 18w\" sizes=\"(max-width: 1920px) 100vw, 1920px\" \/><\/div><\/a>\n\t\t\t\t<div class=\"elementor-post__text\">\n\t\t\t\t<h3 class=\"elementor-post__title\">\n\t\t\t<a href=\"https:\/\/velinn.com\/es\/blog\/dia-das-maes-presenteie-com-uma-viagem-inesquecivel-em-familia\/\" >\n\t\t\t\tDia das M\u00e3es: presenteie com uma viagem inesquec\u00edvel em fam\u00edlia\t\t\t<\/a>\n\t\t<\/h3>\n\t\t\t\t<div class=\"elementor-post__excerpt\">\n\t\t\t<p>Surpreenda no Dia das M\u00e3es com uma viagem especial. Descubra destinos, experi\u00eancias e aproveite 10% OFF para se hospedar com a Velinn em destinos de montanha<\/p>\n\t\t<\/div>\n\t\t\n\t\t<a class=\"elementor-post__read-more\" href=\"https:\/\/velinn.com\/es\/blog\/dia-das-maes-presenteie-com-uma-viagem-inesquecivel-em-familia\/\" aria-label=\"M\u00e1s informaci\u00f3n sobre Dia das M\u00e3es: presenteie com uma viagem inesquec\u00edvel em fam\u00edlia\" tabindex=\"-1\" >\n\t\t\tLeia Mais \u00bb\t\t<\/a>\n\n\t\t\t\t<\/div>\n\t\t\t\t\t<\/div>\n\t\t<\/article>\n\t\t\t\t<article class=\"elementor-post elementor-grid-item post-47643 post type-post status-publish format-standard has-post-thumbnail hentry category-blog tag-destino-de-inverno-brasil tag-destinos-de-inverno tag-hoteis-em-monte-verde tag-melhor-lugar-do-brasil-para-viajar-no-inverno tag-monte-verde-camanducaia tag-monte-verde-mg tag-o-que-fazer-em-monte-verde tag-onde-ficar-em-monte-verde tag-viagem-de-inverno-brasil tag-viagem-romantica-monte-verde\" role=\"listitem\">\n\t\t\t<div class=\"elementor-post__card\">\n\t\t\t\t<a class=\"elementor-post__thumbnail__link\" href=\"https:\/\/velinn.com\/es\/blog\/monte-verde-o-melhor-destino-de-inverno-do-brasil\/\" tabindex=\"-1\" ><div class=\"elementor-post__thumbnail\"><img decoding=\"async\" width=\"1600\" height=\"1067\" src=\"https:\/\/velinn.com\/wp-content\/uploads\/2024\/11\/Destinos_Velinn_Monte_Verde-34.jpg\" class=\"attachment-full size-full wp-image-6751\" alt=\"Destinos Velinn Hot\u00e9is e Pousadas - Monte Verde, Minas Gerais, Serra da Mantiqueira - Monte Verde foi eleito o melhor destino de inverno do Brasil \u2014 e por que voc\u00ea deve ir j\u00e1 no outono\" srcset=\"https:\/\/velinn.com\/wp-content\/uploads\/2024\/11\/Destinos_Velinn_Monte_Verde-34.jpg 1600w, https:\/\/velinn.com\/wp-content\/uploads\/2024\/11\/Destinos_Velinn_Monte_Verde-34-300x200.jpg 300w, https:\/\/velinn.com\/wp-content\/uploads\/2024\/11\/Destinos_Velinn_Monte_Verde-34-1024x683.jpg 1024w, https:\/\/velinn.com\/wp-content\/uploads\/2024\/11\/Destinos_Velinn_Monte_Verde-34-768x512.jpg 768w, https:\/\/velinn.com\/wp-content\/uploads\/2024\/11\/Destinos_Velinn_Monte_Verde-34-1536x1024.jpg 1536w\" sizes=\"(max-width: 1600px) 100vw, 1600px\" \/><\/div><\/a>\n\t\t\t\t<div class=\"elementor-post__text\">\n\t\t\t\t<h3 class=\"elementor-post__title\">\n\t\t\t<a href=\"https:\/\/velinn.com\/es\/blog\/monte-verde-o-melhor-destino-de-inverno-do-brasil\/\" >\n\t\t\t\tMonte Verde: o melhor destino de inverno do Brasil\t\t\t<\/a>\n\t\t<\/h3>\n\t\t\t\t<div class=\"elementor-post__excerpt\">\n\t\t\t<p>Monte Verde (MG) foi eleito o melhor destino de inverno do Brasil e um dos mais acolhedores do pa\u00eds. Descubra o que fazer, quando ir e onde se hospedar com a Velinn.<\/p>\n\t\t<\/div>\n\t\t\n\t\t<a class=\"elementor-post__read-more\" href=\"https:\/\/velinn.com\/es\/blog\/monte-verde-o-melhor-destino-de-inverno-do-brasil\/\" aria-label=\"M\u00e1s informaci\u00f3n sobre Monte Verde: o melhor destino de inverno do Brasil\" tabindex=\"-1\" >\n\t\t\tLeia Mais \u00bb\t\t<\/a>\n\n\t\t\t\t<\/div>\n\t\t\t\t\t<\/div>\n\t\t<\/article>\n\t\t\t\t<\/div>\n\t\t\n\t\t\t\t\t\t<\/div>\n\t\t\t\t<\/div>\n\t\t\t\t\t<\/div>\n\t\t\t\t<\/div>\n\t\t\t\t<\/div>","protected":false},"excerpt":{"rendered":"<p>Descubra as principais\u00a0cachoeiras de Ilhabela\u00a0e encante-se com trilhas, piscinas naturais e vistas incr\u00edveis. Aventuras refrescantes te aguardam! Ilhabela \u00e9 famosa por suas belas praias, mas voc\u00ea sabia que as cachoeiras de l\u00e1 s\u00e3o igualmente impressionantes? Prepare-se para explorar quedas d\u2019\u00e1gua escondidas em meio \u00e0 mata atl\u00e2ntica, trilhas que te levam a paisagens de tirar o [&hellip;]<\/p>\n","protected":false},"author":1,"featured_media":5199,"comment_status":"closed","ping_status":"closed","sticky":false,"template":"elementor_header_footer","format":"standard","meta":{"_acf_changed":false,"footnotes":"","_links_to":"","_links_to_target":""},"categories":[10],"tags":[],"class_list":["post-1308","post","type-post","status-publish","format-standard","has-post-thumbnail","hentry","category-blog"],"acf":[],"_links":{"self":[{"href":"https:\/\/velinn.com\/es\/wp-json\/wp\/v2\/posts\/1308","targetHints":{"allow":["GET"]}}],"collection":[{"href":"https:\/\/velinn.com\/es\/wp-json\/wp\/v2\/posts"}],"about":[{"href":"https:\/\/velinn.com\/es\/wp-json\/wp\/v2\/types\/post"}],"author":[{"embeddable":true,"href":"https:\/\/velinn.com\/es\/wp-json\/wp\/v2\/users\/1"}],"replies":[{"embeddable":true,"href":"https:\/\/velinn.com\/es\/wp-json\/wp\/v2\/comments?post=1308"}],"version-history":[{"count":0,"href":"https:\/\/velinn.com\/es\/wp-json\/wp\/v2\/posts\/1308\/revisions"}],"wp:featuredmedia":[{"embeddable":true,"href":"https:\/\/velinn.com\/es\/wp-json\/wp\/v2\/media\/5199"}],"wp:attachment":[{"href":"https:\/\/velinn.com\/es\/wp-json\/wp\/v2\/media?parent=1308"}],"wp:term":[{"taxonomy":"category","embeddable":true,"href":"https:\/\/velinn.com\/es\/wp-json\/wp\/v2\/categories?post=1308"},{"taxonomy":"post_tag","embeddable":true,"href":"https:\/\/velinn.com\/es\/wp-json\/wp\/v2\/tags?post=1308"}],"curies":[{"name":"wp","href":"https:\/\/api.w.org\/{rel}","templated":true}]}}