{"id":13584,"date":"2020-11-01T19:48:45","date_gmt":"2020-11-01T22:48:45","guid":{"rendered":"https:\/\/velinn.com\/uncategorized\/aproveite-as-festas-de-fim-de-ano-em-ilhabela\/"},"modified":"2025-02-11T22:39:53","modified_gmt":"2025-02-12T01:39:53","slug":"aproveite-as-festas-de-fim-de-ano-em-ilhabela","status":"publish","type":"post","link":"https:\/\/velinn.com\/es\/blog\/aproveite-as-festas-de-fim-de-ano-em-ilhabela\/","title":{"rendered":"Disfruta de las Fiestas de Fin de A\u00f1o en Ilhabela"},"content":{"rendered":"<p>O fim de ano est\u00e1 chegando, com ele as datas comemorativas mais especiais e mais esperadas. A fam\u00edlia se re\u00fane, a crian\u00e7ada brinca em volta da \u00e1rvore e a mesa farta faz a alegria dos adultos. Este ano ser\u00e1 um pouco diferente, sabemos que muitas fam\u00edlias n\u00e3o v\u00e3o se reunir, isso porque optaram por proteger a sa\u00fade dos av\u00f3s ou dos familiares que fazem parte do grupo de risco. \u00c9\u2026 infelizmente a pandemia n\u00e3o foi embora e ela vai tentar acabar com a festa de muita gente. Mas n\u00e3o precisa ser assim\u2026 \u00e9 claro que estar com os familiares nessas datas \u00e9 sempre uma del\u00edcia e muito especial, mas se isso n\u00e3o \u00e9 poss\u00edvel, vamos sair um pouco da rotina e reinventar o Natal e Ano Novo, vamos viajar! Gostou da ideia? Ent\u00e3o aproveite as festas de fim de ano em Ilhabela com a Velinn Rede de Hot\u00e9is e Pousadas.\u00a0<\/p>\n<h2>Festas de fim de ano em Ilhabela<\/h2>\n<p>T\u00e1, n\u00f3s concordamos que \u00e9 comum as pessoas viajarem no Ano Novo, mas no Natal n\u00e3o \u00e9! No Natal as fam\u00edlias se re\u00fanem e ent\u00e3o no Ano Novo, normalmente, cada um segue seu rumo. Mas j\u00e1 que esse ano est\u00e1 tudo diferente, vamos aproveitar todos esses dias e as datas comemorativas e j\u00e1 tirar umas f\u00e9rias. Viajar no Natal e no Ano Novo para o mesmo destino pode ser a sua melhor op\u00e7\u00e3o para este ano.\u00a0<\/p>\n<p>Aqui em Ilhabela essas datas s\u00e3o comemoradas com muita anima\u00e7\u00e3o. A cidade fica toda decorada e a festa est\u00e1 garantida.\u00a0<\/p>\n<p>No R\u00e9veillon, a prefeitura sempre organiza festas, al\u00e9m da tradicional queima de fogos na praia. Normalmente as festas acontecem na Praia Grande, Praia do Portinho, Praia do Perequ\u00ea, Vila e Praia do Sino e recebem bandas e DJs locais. Ainda n\u00e3o sabemos a programa\u00e7\u00e3o exata deste ano, mas j\u00e1 estamos ansiosos para dividir com voc\u00eas.\u00a0<\/p>\n<h2>Hospedagem em Ilhabela para as festas de fim de ano<\/h2>\n<p>Para completar a viagem perfeita que voc\u00ea far\u00e1 nas festas de fim de ano para Ilhabela, conte com a receptividade da Velinn Rede de Hot\u00e9is e Pousadas.\u00a0<\/p>\n<p>Nossas pousadas est\u00e3o espalhadas por diversos pontos de Ilhabela, todas oferecem muito conforto, excelente atendimento e incr\u00edveis op\u00e7\u00f5es de lazer.\u00a0<\/p>\n<p>Para consultar mais sobre cada unidade, acesse <a href=\"https:\/\/velinn.com\/es\/\">aqui<\/a>.\u00a0<\/p>\n<p>N\u00e3o podemos deixar de mencionar tamb\u00e9m que j\u00e1 temos Promo\u00e7\u00e3o espec\u00edfica para o R\u00e9veillon, d\u00e1 uma olhadinha <a href=\"https:\/\/velinn.com\/es\/reveillon-em-ilhabela-e-na-rede-velinn\/\">aqui<\/a> e j\u00e1 garanta sua reserva. Vem comemorar com a gente!<\/p>\n<h3>Tambi\u00e9n podr\u00eda gustarte:<\/h3>\n<p>\t\t<\/p>","protected":false},"excerpt":{"rendered":"<p>O fim de ano est\u00e1 chegando, com ele as datas comemorativas mais especiais e mais esperadas. A fam\u00edlia se re\u00fane, a crian\u00e7ada brinca em volta da \u00e1rvore e a mesa farta faz a alegria dos adultos. Este ano ser\u00e1 um pouco diferente, sabemos que muitas fam\u00edlias n\u00e3o v\u00e3o se reunir, isso porque optaram por proteger [&hellip;]<\/p>\n","protected":false},"author":1,"featured_media":13585,"comment_status":"open","ping_status":"open","sticky":false,"template":"","format":"standard","meta":{"_acf_changed":false,"footnotes":"","_links_to":"","_links_to_target":""},"categories":[10],"tags":[],"class_list":["post-13584","post","type-post","status-publish","format-standard","has-post-thumbnail","hentry","category-blog"],"acf":[],"_links":{"self":[{"href":"https:\/\/velinn.com\/es\/wp-json\/wp\/v2\/posts\/13584","targetHints":{"allow":["GET"]}}],"collection":[{"href":"https:\/\/velinn.com\/es\/wp-json\/wp\/v2\/posts"}],"about":[{"href":"https:\/\/velinn.com\/es\/wp-json\/wp\/v2\/types\/post"}],"author":[{"embeddable":true,"href":"https:\/\/velinn.com\/es\/wp-json\/wp\/v2\/users\/1"}],"replies":[{"embeddable":true,"href":"https:\/\/velinn.com\/es\/wp-json\/wp\/v2\/comments?post=13584"}],"version-history":[{"count":0,"href":"https:\/\/velinn.com\/es\/wp-json\/wp\/v2\/posts\/13584\/revisions"}],"wp:featuredmedia":[{"embeddable":true,"href":"https:\/\/velinn.com\/es\/wp-json\/wp\/v2\/media\/13585"}],"wp:attachment":[{"href":"https:\/\/velinn.com\/es\/wp-json\/wp\/v2\/media?parent=13584"}],"wp:term":[{"taxonomy":"category","embeddable":true,"href":"https:\/\/velinn.com\/es\/wp-json\/wp\/v2\/categories?post=13584"},{"taxonomy":"post_tag","embeddable":true,"href":"https:\/\/velinn.com\/es\/wp-json\/wp\/v2\/tags?post=13584"}],"curies":[{"name":"wp","href":"https:\/\/api.w.org\/{rel}","templated":true}]}}