{"id":13715,"date":"2021-12-25T16:27:06","date_gmt":"2021-12-25T19:27:06","guid":{"rendered":"https:\/\/velinn.com\/uncategorized\/aproveite-a-praia-do-cafe-em-angra-dos-reis\/"},"modified":"2025-02-11T22:40:59","modified_gmt":"2025-02-12T01:40:59","slug":"aproveite-a-praia-do-cafe-em-angra-dos-reis","status":"publish","type":"post","link":"https:\/\/velinn.com\/es\/blog\/aproveite-a-praia-do-cafe-em-angra-dos-reis\/","title":{"rendered":"Aproveite a Praia do Caf\u00e9 em Angra dos Reis"},"content":{"rendered":"<p><b>Angra dos Reis<\/b> \u00e9 um destino encantador, podemos dizer, inclusive, que \u00e9 um dos destinos tur\u00edsticos mais cobi\u00e7ados no Brasil, seja pelos brasileiros ou por gringos. E n\u00e3o \u00e9 para menos, suas 365 ilhas, contato com a natureza, vida marinha e passeios s\u00e3o mesmo de encantar. Se voc\u00ea vem passar uns dias na regi\u00e3o, n\u00e3o deixe de conhecer ao m\u00e1ximo a regi\u00e3o e tamb\u00e9m aproveite a<b> Praia do Caf\u00e9 em Angra dos Reis<\/b>, cerca de <b>Reserva Velinn Costa Verde<\/b>.<\/p>\n<h2>Praia do Caf\u00e9 em Angra dos Reis<\/h2>\n<p>LA <b>Praia do Caf\u00e9 em Angra dos Reis<\/b> \u00e9 considerada um dos recantos da cidade, muito conhecida por garantir tranquilidade e um clima agrad\u00e1vel, \u00e9 uma excelente op\u00e7\u00e3o para quem prefere praias pouco movimentadas.<\/p>\n<p>\u00c9 na <b>Praia do Caf\u00e9<\/b> que voc\u00ea ter\u00e1 a oportunidade de relaxar, tomar um banho de mar refrescante e observar o cen\u00e1rio que <b>Angra dos Reis <\/b>ofertas<\/p>\n<p>A praia ainda n\u00e3o \u00e9 muito conhecida pelos turistas, ent\u00e3o ela fica praticamente deserta durante boa parte do ano, recebendo mais visitantes na alta temporada, nos feriados e finais de semana.<\/p>\n<p>LA <b>Praia do Caf\u00e9<\/b> conta com uma boa faixa de areia fofa de cor dourada, tem um mar calmo de \u00e1guas claras e limpas, perfeito para o banho, inclusive para as crian\u00e7as e os idosos.<\/p>\n<p>Nessa praia a pr\u00e1tica dos esportes n\u00e1uticos tamb\u00e9m \u00e9 uma op\u00e7\u00e3o. Vale ressaltar que n\u00e3o tem infraestrutura tur\u00edstica.<\/p>\n<p>LA <b>Praia do Caf\u00e9 em Angra dos Reis<\/b> est\u00e1 a cerca de 600 m da <b>Reserva Velinn Costa Verde<\/b>.<\/p>\n<h2>Reserva Velinn Costa Verde<\/h2>\n<p>LA <b>Reserva Velinn Costa Verde<\/b> \u00e9 a op\u00e7\u00e3o perfeita para sua<b> alojamiento en Angra dos Reis<\/b>. Nossa localiza\u00e7\u00e3o far\u00e1 com que voc\u00ea se sinta no para\u00edso e nossos ambientes garantir\u00e3o o descanso que voc\u00ea merece e precisa, j\u00e1 que cada cantinho proporciona muito aconchego e bem-estar.<\/p>\n<p>Nossas acomoda\u00e7\u00f5es s\u00e3o muito confort\u00e1veis e quase todas as categorias d\u00e3o vista para o mar. A decora\u00e7\u00e3o e toda a estrutura s\u00e3o perfeitas para o clima na praia.<\/p>\n<p>LA <b>Reserva Velinn Costa Verde<\/b> ainda garante o seu lazer com piscina com vista cinematogr\u00e1fica, hidromassagem, saunas seca e molhada, solarium e muito mais.<\/p>\n<p>Accede a nuestro <a href=\"https:\/\/velinn.com\/es\/angra-dos-reis\/reserva-costa-verde\/\">sitio<\/a> para conferir todos os detalhes e venha nos visitar. Temos certeza que voc\u00ea vai se apaixonar por nosso hotel e por nossa regi\u00e3o.<\/p>","protected":false},"excerpt":{"rendered":"<p>Angra dos Reis es un destino encantador, incluso podemos decir que es uno de los destinos tur\u00edsticos m\u00e1s codiciados de Brasil.<\/p>","protected":false},"author":1,"featured_media":13716,"comment_status":"open","ping_status":"open","sticky":false,"template":"","format":"standard","meta":{"_acf_changed":false,"footnotes":"","_links_to":"","_links_to_target":""},"categories":[10],"tags":[],"class_list":["post-13715","post","type-post","status-publish","format-standard","has-post-thumbnail","hentry","category-blog"],"acf":[],"_links":{"self":[{"href":"https:\/\/velinn.com\/es\/wp-json\/wp\/v2\/posts\/13715","targetHints":{"allow":["GET"]}}],"collection":[{"href":"https:\/\/velinn.com\/es\/wp-json\/wp\/v2\/posts"}],"about":[{"href":"https:\/\/velinn.com\/es\/wp-json\/wp\/v2\/types\/post"}],"author":[{"embeddable":true,"href":"https:\/\/velinn.com\/es\/wp-json\/wp\/v2\/users\/1"}],"replies":[{"embeddable":true,"href":"https:\/\/velinn.com\/es\/wp-json\/wp\/v2\/comments?post=13715"}],"version-history":[{"count":0,"href":"https:\/\/velinn.com\/es\/wp-json\/wp\/v2\/posts\/13715\/revisions"}],"wp:featuredmedia":[{"embeddable":true,"href":"https:\/\/velinn.com\/es\/wp-json\/wp\/v2\/media\/13716"}],"wp:attachment":[{"href":"https:\/\/velinn.com\/es\/wp-json\/wp\/v2\/media?parent=13715"}],"wp:term":[{"taxonomy":"category","embeddable":true,"href":"https:\/\/velinn.com\/es\/wp-json\/wp\/v2\/categories?post=13715"},{"taxonomy":"post_tag","embeddable":true,"href":"https:\/\/velinn.com\/es\/wp-json\/wp\/v2\/tags?post=13715"}],"curies":[{"name":"wp","href":"https:\/\/api.w.org\/{rel}","templated":true}]}}