{"id":13876,"date":"2023-10-18T19:48:16","date_gmt":"2023-10-18T22:48:16","guid":{"rendered":"https:\/\/velinn.com\/uncategorized\/visite-a-praia-das-pedras-miudas-em-ilhabela\/"},"modified":"2025-02-11T22:42:31","modified_gmt":"2025-02-12T01:42:31","slug":"visite-a-praia-das-pedras-miudas-em-ilhabela","status":"publish","type":"post","link":"https:\/\/velinn.com\/es\/blog\/visite-a-praia-das-pedras-miudas-em-ilhabela\/","title":{"rendered":"Visita la playa de Pedras Mi\u00fadas en Ilhabela"},"content":{"rendered":"<p><strong>Praia das Pedras Mi\u00fadas,<\/strong> conhecida tamb\u00e9m como Praia da Ilha das Cabras, \u00e9 um local de rara beleza natural.<\/p>\n<p><span style=\"font-weight: 400;\">LA <\/span><b>Praia das Pedras Mi\u00fadas<\/b><span style=\"font-weight: 400;\"> em Ilhabela merece um lugar no seu roteiro de viagem. Com paisagens deslumbrantes, \u00e1guas cristalinas e uma atmosfera serena, \u00e9 o local perfeito para relaxar, praticar atividades aqu\u00e1ticas, se reconectar com a natureza e criar mem\u00f3rias inesquec\u00edveis. Vem com a gente conhecer mais uma linda praia de Ilhabela!\u00a0<\/span><\/p>\n<h2><span style=\"font-weight: 400;\">Atra\u00e7\u00f5es tur\u00edsticas da Praia das Pedras Mi\u00fadas<\/span><\/h2>\n<p><span style=\"font-weight: 400;\">A praia ganhou esse nome por conter pequenas pedras no fundo do mar e na areia. Sua pequena faixa de areia branca e suas \u00e1guas cristalinas atraem muitos turistas para a praia, mas a principal atra\u00e7\u00e3o mesmo s\u00e3o suas \u00e1guas calmas e serenas, perfeitas para o mergulho, seja o de superf\u00edcie ou o de profundidade.<\/span><\/p>\n<p><span style=\"font-weight: 400;\">Aqui est\u00e3o algumas das principais atra\u00e7\u00f5es que fazem da <\/span><b>Praia das Pedras Mi\u00fadas<\/b><span style=\"font-weight: 400;\"> un lugar especial.<\/span><\/p>\n<h3><span style=\"font-weight: 400;\">Snorkel y Buceo<\/span><\/h3>\n<p><span style=\"font-weight: 400;\">As \u00e1guas da <\/span><b>Praia das Pedras Mi\u00fadas<\/b><span style=\"font-weight: 400;\"> s\u00e3o cristalinas, oferecendo excelentes condi\u00e7\u00f5es para snorkeling e mergulho. Voc\u00ea pode explorar recifes de coral, peixinhos e uma variedade de vida marinha colorida, esses servi\u00e7os s\u00e3o oferecidos por diversas empresas de turismo na praia. Certamente \u00e9 um para\u00edso para os amantes do mundo subaqu\u00e1tico.<\/span><\/p>\n<h3><span style=\"font-weight: 400;\">Boa estrutura tur\u00edstica<\/span><\/h3>\n<p><span style=\"font-weight: 400;\">Com boa estrutura de bares, quiosques e restaurantes, \u00e9 poss\u00edvel saborear pratos de frutos do mar fresquinhos, aproveitando todas as del\u00edcias gastron\u00f4micas que Ilhabela pode oferecer!<\/span><\/p>\n<h3><span style=\"font-weight: 400;\">Descanso y tranquilidad<\/span><\/h3>\n<p><span style=\"font-weight: 400;\">Sem muitas ondas, logo na beira do mar voc\u00ea encontrar\u00e1 muitos peixinhos. Voc\u00ea poder\u00e1 relaxar na areia, ler um livro ou simplesmente desfrutar da serenidade do local. A praia atrai muitas fam\u00edlias que podem passar o dia inteiro relaxando \u00e0 beira-mar.<\/span><\/p>\n<h3><span style=\"font-weight: 400;\">Isla Cabra<\/span><\/h3>\n<p><span style=\"font-weight: 400;\">A Ilha das Cabras \u00e9 uma das pequenas ilhas que fazem parte do <\/span><a href=\"https:\/\/velinn.com\/es\/tudo-o-que-voce-precisa-saber-pra-ter-uma-otima-experiencia-em-ilhabela\/\"><span style=\"font-weight: 400;\">arquip\u00e9lago de Ilhabela<\/span><\/a><span style=\"font-weight: 400;\">.\u00a0 Fica localizada em frente \u00e0 <\/span><b>Praia das Pedras Mi\u00fadas<\/b><span style=\"font-weight: 400;\">, separadas por apenas 100 metros de dist\u00e2ncia. \u00c9 nesta regi\u00e3o que est\u00e1 localizado o Santu\u00e1rio Ecol\u00f3gico Submarino, protegido por lei da ca\u00e7a e pesca submarina desde 1992. Na Ilha das Cabras \u00e9 poss\u00edvel encontrar as mais variadas esp\u00e9cies de peixes como garoupas, badejos, robalos, caranhas<\/span> <span style=\"font-weight: 400;\">y muchos otros habitantes marinos como tortugas, estrellas de mar y caballitos de mar. Vale la pena ampliar el recorrido para conocer esta peque\u00f1a isla y tomar hermosas fotograf\u00edas.<\/span><\/p>\n<h3><span style=\"font-weight: 400;\">Como chegar na Praia das Pedras Mi\u00fadas<\/span><\/h3>\n<p><span style=\"font-weight: 400;\">Para chegar nessa praia \u00e9 bem f\u00e1cil. A <\/span><b>Praia das Pedras Mi\u00fadas<\/b><span style=\"font-weight: 400;\"> ou Praia da Ilha das Cabras \u00e9 a primeira praia acessada pela estrada no sentido Sul da ilha, a 2 km da balsa, entre o Mirante do Pi\u00fava e a <\/span><a href=\"https:\/\/velinn.com\/es\/conheca-a-praia-do-oscar-em-ilhabela-sp\/\"><span style=\"font-weight: 400;\">Playa de \u00d3scar.<\/span><\/a><span style=\"font-weight: 400;\">\u00a0<\/span><\/p>\n<p><span style=\"font-weight: 400;\">La playa cuenta con algunas plazas de aparcamiento, otro importante atractivo para los turistas los fines de semana y festivos.<\/span><\/p>\n<h2><span style=\"font-weight: 400;\">D\u00f3nde alojarse en Ilhabela-SP<\/span><\/h2>\n<p><span style=\"font-weight: 400;\">Para disfrutar lo mejor de Ilhabela, conozca el <\/span><a href=\"https:\/\/velinn.com\/es\/3-praias-que-voce-precisa-conhecer-em-ilhabela\/\"><span style=\"font-weight: 400;\">mejores playas<\/span><\/a><span style=\"font-weight: 400;\"> e os principais pontos tur\u00edsticos, \u00e9 muito importante contar com uma hospedagem de qualidade, assim a sua boa experi\u00eancia na ilha ser\u00e1 perfeita e completa.\u00a0<\/span><\/p>\n<p><span style=\"font-weight: 400;\">Ent\u00e3o, conte com o conforto e as excelentes localiza\u00e7\u00f5es dos hot\u00e9is e pousadas da <\/span><a href=\"https:\/\/velinn.com\/es\/rede-velinn-ilhabela\/\"><b>Velinn Rede de Hot\u00e9is e Pousadas<\/b><\/a><span style=\"font-weight: 400;\"> em Ilhabela. Temos certeza que voc\u00ea encontrar\u00e1 a op\u00e7\u00e3o perfeita para dias incr\u00edveis nesse destino maravilhoso.\u00a0<\/span><\/p>\n<p><span style=\"font-weight: 400;\">Accede a nuestro <\/span><a href=\"https:\/\/velinn.com\/es\/\"><span style=\"font-weight: 400;\">sitio<\/span><\/a><span style=\"font-weight: 400;\"> para saber mais e organize sua viagem com a fam\u00edlia, estamos te esperando.\u00a0<\/span><\/p>","protected":false},"excerpt":{"rendered":"<p>Praia das Pedras Mi\u00fadas, conhecida tamb\u00e9m como Praia da Ilha das Cabras, \u00e9 um local de rara beleza natural. A Praia das Pedras Mi\u00fadas em Ilhabela merece um lugar no seu roteiro de viagem. Com paisagens deslumbrantes, \u00e1guas cristalinas e uma atmosfera serena, \u00e9 o local perfeito para relaxar, praticar atividades aqu\u00e1ticas, se reconectar com [&hellip;]<\/p>\n","protected":false},"author":4,"featured_media":13877,"comment_status":"open","ping_status":"open","sticky":false,"template":"","format":"standard","meta":{"_acf_changed":false,"footnotes":"","_links_to":"","_links_to_target":""},"categories":[10],"tags":[],"class_list":["post-13876","post","type-post","status-publish","format-standard","has-post-thumbnail","hentry","category-blog"],"acf":[],"_links":{"self":[{"href":"https:\/\/velinn.com\/es\/wp-json\/wp\/v2\/posts\/13876","targetHints":{"allow":["GET"]}}],"collection":[{"href":"https:\/\/velinn.com\/es\/wp-json\/wp\/v2\/posts"}],"about":[{"href":"https:\/\/velinn.com\/es\/wp-json\/wp\/v2\/types\/post"}],"author":[{"embeddable":true,"href":"https:\/\/velinn.com\/es\/wp-json\/wp\/v2\/users\/4"}],"replies":[{"embeddable":true,"href":"https:\/\/velinn.com\/es\/wp-json\/wp\/v2\/comments?post=13876"}],"version-history":[{"count":0,"href":"https:\/\/velinn.com\/es\/wp-json\/wp\/v2\/posts\/13876\/revisions"}],"wp:featuredmedia":[{"embeddable":true,"href":"https:\/\/velinn.com\/es\/wp-json\/wp\/v2\/media\/13877"}],"wp:attachment":[{"href":"https:\/\/velinn.com\/es\/wp-json\/wp\/v2\/media?parent=13876"}],"wp:term":[{"taxonomy":"category","embeddable":true,"href":"https:\/\/velinn.com\/es\/wp-json\/wp\/v2\/categories?post=13876"},{"taxonomy":"post_tag","embeddable":true,"href":"https:\/\/velinn.com\/es\/wp-json\/wp\/v2\/tags?post=13876"}],"curies":[{"name":"wp","href":"https:\/\/api.w.org\/{rel}","templated":true}]}}