{"id":44549,"date":"2026-01-16T18:59:45","date_gmt":"2026-01-16T21:59:45","guid":{"rendered":"https:\/\/velinn.com\/?p=44549"},"modified":"2026-03-04T14:47:54","modified_gmt":"2026-03-04T17:47:54","slug":"carnaval-com-a-velinn-feriado","status":"publish","type":"post","link":"https:\/\/velinn.com\/es\/blog\/carnaval-com-a-velinn-feriado\/","title":{"rendered":"Carnaval com a Velinn: feriado no ritmo que seu cora\u00e7\u00e3o pede"},"content":{"rendered":"<div data-elementor-type=\"wp-post\" data-elementor-id=\"44549\" class=\"elementor elementor-44549\" data-elementor-post-type=\"post\">\n\t\t\t\t<div class=\"elementor-element elementor-element-541eae86 e-flex e-con-boxed e-con e-parent\" data-id=\"541eae86\" data-element_type=\"container\" data-e-type=\"container\">\n\t\t\t\t\t<div class=\"e-con-inner\">\n\t\t<div class=\"elementor-element elementor-element-e88f3b4 e-con-full e-flex e-con e-child\" data-id=\"e88f3b4\" data-element_type=\"container\" data-e-type=\"container\">\n\t\t<div class=\"elementor-element elementor-element-eeb71ac e-con-full e-flex e-con e-child\" data-id=\"eeb71ac\" data-element_type=\"container\" data-e-type=\"container\" data-settings=\"{&quot;background_background&quot;:&quot;classic&quot;}\">\n\t\t<div class=\"elementor-element elementor-element-7ad6723 e-con-full e-flex e-con e-child\" data-id=\"7ad6723\" data-element_type=\"container\" data-e-type=\"container\">\n\t\t\t\t<div class=\"elementor-element elementor-element-aa39887 elementor-widget elementor-widget-spacer\" data-id=\"aa39887\" data-element_type=\"widget\" data-e-type=\"widget\" data-widget_type=\"spacer.default\">\n\t\t\t\t<div class=\"elementor-widget-container\">\n\t\t\t\t\t\t\t<div class=\"elementor-spacer\">\n\t\t\t<div class=\"elementor-spacer-inner\"><\/div>\n\t\t<\/div>\n\t\t\t\t\t\t<\/div>\n\t\t\t\t<\/div>\n\t\t\t\t<div class=\"elementor-element elementor-element-3b9869d elementor-align-center elementor-widget elementor-widget-button\" data-id=\"3b9869d\" data-element_type=\"widget\" data-e-type=\"widget\" data-widget_type=\"button.default\">\n\t\t\t\t<div class=\"elementor-widget-container\">\n\t\t\t\t\t\t\t\t\t<div class=\"elementor-button-wrapper\">\n\t\t\t\t\t<a class=\"elementor-button elementor-button-link elementor-size-sm\" href=\"https:\/\/instagram.com\/redevelinn\/\" target=\"_blank\" rel=\"noopener\">\n\t\t\t\t\t\t<span class=\"elementor-button-content-wrapper\">\n\t\t\t\t\t\t\t\t\t<span class=\"elementor-button-text\">@redevelinn<\/span>\n\t\t\t\t\t<\/span>\n\t\t\t\t\t<\/a>\n\t\t\t\t<\/div>\n\t\t\t\t\t\t\t\t<\/div>\n\t\t\t\t<\/div>\n\t\t\t\t<div class=\"elementor-element elementor-element-8c05683 elementor-widget elementor-widget-heading\" data-id=\"8c05683\" data-element_type=\"widget\" data-e-type=\"widget\" data-widget_type=\"heading.default\">\n\t\t\t\t<div class=\"elementor-widget-container\">\n\t\t\t\t\t<h2 class=\"elementor-heading-title elementor-size-default\">Carnaval com a Velinn: feriado no ritmo que seu cora\u00e7\u00e3o pede<\/h2>\t\t\t\t<\/div>\n\t\t\t\t<\/div>\n\t\t\t\t<div class=\"elementor-element elementor-element-707e8d8 elementor-widget elementor-widget-text-editor\" data-id=\"707e8d8\" data-element_type=\"widget\" data-e-type=\"widget\" data-widget_type=\"text-editor.default\">\n\t\t\t\t<div class=\"elementor-widget-container\">\n\t\t\t\t\t\t\t\t\t<p><span style=\"font-weight: 400;\">Carnaval na praia ou nas montanhas? Descubra destinos Velinn para viver o feriado no seu ritmo, entre folia \u00e0 beira-mar ou descanso em ref\u00fagios tranquilos.<\/span><span style=\"font-weight: 400;\"><br \/><\/span><\/p>\t\t\t\t\t\t\t\t<\/div>\n\t\t\t\t<\/div>\n\t\t<div class=\"elementor-element elementor-element-25d579b e-con-full e-flex e-con e-child\" data-id=\"25d579b\" data-element_type=\"container\" data-e-type=\"container\">\n\t\t<div class=\"elementor-element elementor-element-6a70bc7 e-con-full e-flex e-con e-child\" data-id=\"6a70bc7\" data-element_type=\"container\" data-e-type=\"container\">\n\t\t\t\t<div class=\"elementor-element elementor-element-4603b41 elementor-align-center elementor-widget elementor-widget-button\" data-id=\"4603b41\" data-element_type=\"widget\" data-e-type=\"widget\" data-widget_type=\"button.default\">\n\t\t\t\t<div class=\"elementor-widget-container\">\n\t\t\t\t\t\t\t\t\t<div class=\"elementor-button-wrapper\">\n\t\t\t\t\t<a class=\"elementor-button elementor-button-link elementor-size-sm\" href=\"https:\/\/reservas.velinn.com\/BookingChain?chainId=5921b455c19a3b2fc4dcdc4a&#038;utm_source=sitevelinn&#038;utm_medium=rede&#038;utm_term=blog&#038;utm_content=botao&#038;new_window=true\/\" target=\"_blank\">\n\t\t\t\t\t\t<span class=\"elementor-button-content-wrapper\">\n\t\t\t\t\t\t\t\t\t<span class=\"elementor-button-text\">Garanta seu momento<\/span>\n\t\t\t\t\t<\/span>\n\t\t\t\t\t<\/a>\n\t\t\t\t<\/div>\n\t\t\t\t\t\t\t\t<\/div>\n\t\t\t\t<\/div>\n\t\t\t\t<div class=\"elementor-element elementor-element-95b7cd7 elementor-widget elementor-widget-button\" data-id=\"95b7cd7\" data-element_type=\"widget\" data-e-type=\"widget\" data-widget_type=\"button.default\">\n\t\t\t\t<div class=\"elementor-widget-container\">\n\t\t\t\t\t\t\t\t\t<div class=\"elementor-button-wrapper\">\n\t\t\t\t\t<a class=\"elementor-button elementor-button-link elementor-size-sm\" href=\"#folia-na-praia\">\n\t\t\t\t\t\t<span class=\"elementor-button-content-wrapper\">\n\t\t\t\t\t\t\t\t\t<span class=\"elementor-button-text\">Folia na praia<\/span>\n\t\t\t\t\t<\/span>\n\t\t\t\t\t<\/a>\n\t\t\t\t<\/div>\n\t\t\t\t\t\t\t\t<\/div>\n\t\t\t\t<\/div>\n\t\t\t\t<div class=\"elementor-element elementor-element-aea586b elementor-widget elementor-widget-button\" data-id=\"aea586b\" data-element_type=\"widget\" data-e-type=\"widget\" data-widget_type=\"button.default\">\n\t\t\t\t<div class=\"elementor-widget-container\">\n\t\t\t\t\t\t\t\t\t<div class=\"elementor-button-wrapper\">\n\t\t\t\t\t<a class=\"elementor-button elementor-button-link elementor-size-sm\" href=\"#descanso-nas-montanhas\">\n\t\t\t\t\t\t<span class=\"elementor-button-content-wrapper\">\n\t\t\t\t\t\t\t\t\t<span class=\"elementor-button-text\">Descanso nas montanhas<\/span>\n\t\t\t\t\t<\/span>\n\t\t\t\t\t<\/a>\n\t\t\t\t<\/div>\n\t\t\t\t\t\t\t\t<\/div>\n\t\t\t\t<\/div>\n\t\t\t\t<\/div>\n\t\t\t\t<\/div>\n\t\t\t\t<div class=\"elementor-element elementor-element-2f114bf elementor-widget elementor-widget-spacer\" data-id=\"2f114bf\" data-element_type=\"widget\" data-e-type=\"widget\" data-widget_type=\"spacer.default\">\n\t\t\t\t<div class=\"elementor-widget-container\">\n\t\t\t\t\t\t\t<div class=\"elementor-spacer\">\n\t\t\t<div class=\"elementor-spacer-inner\"><\/div>\n\t\t<\/div>\n\t\t\t\t\t\t<\/div>\n\t\t\t\t<\/div>\n\t\t\t\t<\/div>\n\t\t\t\t<\/div>\n\t\t\t\t<\/div>\n\t\t<div class=\"elementor-element elementor-element-25751d4 e-con-full e-flex e-con e-child\" data-id=\"25751d4\" data-element_type=\"container\" data-e-type=\"container\">\n\t\t\t\t<div class=\"elementor-element elementor-element-2092ffb3 elementor-widget elementor-widget-text-editor\" data-id=\"2092ffb3\" data-element_type=\"widget\" data-e-type=\"widget\" data-widget_type=\"text-editor.default\">\n\t\t\t\t<div class=\"elementor-widget-container\">\n\t\t\t\t\t\t\t\t\t<p>O Carnaval \u00e9 um dos momentos mais esperados do ano para viajar. Para alguns, ele pede <strong>m\u00fasica, encontros e celebra\u00e7\u00e3o<\/strong>. Para outros, \u00e9 o convite ideal para <strong>desacelerar, respirar fundo e cuidar de si<\/strong>.<\/p><p>Na Velinn, acreditamos que o feriado perfeito \u00e9 aquele que respeita o seu ritmo e, por isso, reunimos destinos que acolhem tanto quem quer <strong>sentir a energia do Carnaval<\/strong> quanto quem prefere transformar a data em um ref\u00fagio de descanso.<\/p><p>Do litoral \u00e0 serra, cada destino Velinn oferece uma forma diferente de viver o feriado prolongado de fevereiro, sempre com o mesmo cuidado: a certeza de que voc\u00ea ser\u00e1 bem recebido e poder\u00e1 relaxar desde o primeiro momento.<br \/><br \/><\/p><h2 style=\"text-align: center;\">Destinos para viver a folia com leveza, \u00e0 beira do mar<\/h2><h3 style=\"text-align: center;\"><span style=\"color: #082bc4;\">Carnaval no litoral: m\u00fasica, encontros e natureza como cen\u00e1rio<\/span><\/h3><p>As cidades litor\u00e2neas oferecem uma combina\u00e7\u00e3o especial no Carnaval: festas populares, blocos de rua e a possibilidade de alternar a folia com mergulhos no mar e momentos de descanso na natureza. \u00c9 um Carnaval mais solar, espont\u00e2neo e democr\u00e1tico.<\/p>\t\t\t\t\t\t\t\t<\/div>\n\t\t\t\t<\/div>\n\t\t\t\t<div class=\"elementor-element elementor-element-efa1ace elementor-widget elementor-widget-menu-anchor\" data-id=\"efa1ace\" data-element_type=\"widget\" data-e-type=\"widget\" data-widget_type=\"menu-anchor.default\">\n\t\t\t\t<div class=\"elementor-widget-container\">\n\t\t\t\t\t\t\t<div class=\"elementor-menu-anchor\" id=\"folia-na-praia\"><\/div>\n\t\t\t\t\t\t<\/div>\n\t\t\t\t<\/div>\n\t\t\t\t<\/div>\n\t\t<div class=\"elementor-element elementor-element-402db4b e-grid e-con-full e-con e-child\" data-id=\"402db4b\" data-element_type=\"container\" data-e-type=\"container\">\n\t\t<div class=\"elementor-element elementor-element-70965aa e-con-full e-grid e-con e-child\" data-id=\"70965aa\" data-element_type=\"container\" data-e-type=\"container\" data-settings=\"{&quot;background_background&quot;:&quot;classic&quot;}\">\n\t\t<div class=\"elementor-element elementor-element-c43de01 e-con-full e-flex e-con e-child\" data-id=\"c43de01\" data-element_type=\"container\" data-e-type=\"container\">\n\t\t\t\t<div class=\"elementor-element elementor-element-b06c871 elementor-widget elementor-widget-image\" data-id=\"b06c871\" data-element_type=\"widget\" data-e-type=\"widget\" data-widget_type=\"image.default\">\n\t\t\t\t<div class=\"elementor-widget-container\">\n\t\t\t\t\t\t\t\t\t\t\t\t<figure class=\"wp-caption\">\n\t\t\t\t\t\t\t\t\t\t<img fetchpriority=\"high\" decoding=\"async\" width=\"800\" height=\"600\" src=\"https:\/\/velinn.com\/wp-content\/uploads\/2026\/01\/banho-da-doroteia-no-carnaval-de-ilhabela-foto-divulgacao-pmi-1024x768.jpeg\" class=\"attachment-large size-large wp-image-44594\" alt=\"Banho da Dorot\u00e9ia no Carnaval de Ilhabela (Foto: Divulga\u00e7\u00e3o \/ PMI)\" srcset=\"https:\/\/velinn.com\/wp-content\/uploads\/2026\/01\/banho-da-doroteia-no-carnaval-de-ilhabela-foto-divulgacao-pmi-1024x768.jpeg 1024w, https:\/\/velinn.com\/wp-content\/uploads\/2026\/01\/banho-da-doroteia-no-carnaval-de-ilhabela-foto-divulgacao-pmi-300x225.jpeg 300w, https:\/\/velinn.com\/wp-content\/uploads\/2026\/01\/banho-da-doroteia-no-carnaval-de-ilhabela-foto-divulgacao-pmi-768x576.jpeg 768w, https:\/\/velinn.com\/wp-content\/uploads\/2026\/01\/banho-da-doroteia-no-carnaval-de-ilhabela-foto-divulgacao-pmi-16x12.jpeg 16w, https:\/\/velinn.com\/wp-content\/uploads\/2026\/01\/banho-da-doroteia-no-carnaval-de-ilhabela-foto-divulgacao-pmi.jpeg 1280w\" sizes=\"(max-width: 800px) 100vw, 800px\" \/>\t\t\t\t\t\t\t\t\t\t\t<figcaption class=\"widget-image-caption wp-caption-text\">Banho da Dorot\u00e9ia em Ilhabela (Foto: Divulga\u00e7\u00e3o \/ PMI)<\/figcaption>\n\t\t\t\t\t\t\t\t\t\t<\/figure>\n\t\t\t\t\t\t\t\t\t<\/div>\n\t\t\t\t<\/div>\n\t\t\t\t<\/div>\n\t\t<div class=\"elementor-element elementor-element-60e6ba2 e-con-full e-flex e-con e-child\" data-id=\"60e6ba2\" data-element_type=\"container\" data-e-type=\"container\">\n\t\t\t\t<div class=\"elementor-element elementor-element-4c9ec4e elementor-widget elementor-widget-text-editor\" data-id=\"4c9ec4e\" data-element_type=\"widget\" data-e-type=\"widget\" data-widget_type=\"text-editor.default\">\n\t\t\t\t<div class=\"elementor-widget-container\">\n\t\t\t\t\t\t\t\t\t<h4><strong>Bella isla<\/strong> &#8211; Tradi\u00e7\u00e3o, blocos e charme insular<\/h4><p>Ilhabela vive um Carnaval animado e cultural, com <strong>blocos de rua, desfiles de escolas de samba e eventos tradicionais, como o famoso Banho da Dorot\u00e9ia<\/strong>. A Vila ganha vida, enquanto praias e trilhas com cachoeiras seguem como ref\u00fagios para quem quer equilibrar festa e tranquilidade. \u00c9 um destino perfeito para quem gosta de celebrar sem abrir m\u00e3o da natureza.<\/p><p><i>Garanta seu encontro com o Carnaval de Ilhabela com o cuidado e a curadoria Velinn.<\/i><\/p>\t\t\t\t\t\t\t\t<\/div>\n\t\t\t\t<\/div>\n\t\t<div class=\"elementor-element elementor-element-7773c17 e-con-full e-flex e-con e-child\" data-id=\"7773c17\" data-element_type=\"container\" data-e-type=\"container\">\n\t\t\t\t<div class=\"elementor-element elementor-element-acc5308 elementor-align-center elementor-widget elementor-widget-button\" data-id=\"acc5308\" data-element_type=\"widget\" data-e-type=\"widget\" data-widget_type=\"button.default\">\n\t\t\t\t<div class=\"elementor-widget-container\">\n\t\t\t\t\t\t\t\t\t<div class=\"elementor-button-wrapper\">\n\t\t\t\t\t<a class=\"elementor-button elementor-button-link elementor-size-sm\" href=\"https:\/\/reservas.velinn.com\/BookingChain?chainId=5921b455c19a3b2fc4dcdc4a&#038;utm_source=sitevelinn&#038;utm_medium=rede&#038;utm_term=blog&#038;utm_content=ilhabela&#038;new_window=true&#038;cities=Ilhabela\">\n\t\t\t\t\t\t<span class=\"elementor-button-content-wrapper\">\n\t\t\t\t\t\t\t\t\t<span class=\"elementor-button-text\">Conhe\u00e7a as pousadas de Ilhabela<\/span>\n\t\t\t\t\t<\/span>\n\t\t\t\t\t<\/a>\n\t\t\t\t<\/div>\n\t\t\t\t\t\t\t\t<\/div>\n\t\t\t\t<\/div>\n\t\t\t\t<\/div>\n\t\t\t\t<\/div>\n\t\t\t\t<\/div>\n\t\t<div class=\"elementor-element elementor-element-d569734 e-con-full e-grid e-con e-child\" data-id=\"d569734\" data-element_type=\"container\" data-e-type=\"container\" data-settings=\"{&quot;background_background&quot;:&quot;classic&quot;}\">\n\t\t<div class=\"elementor-element elementor-element-028c997 e-con-full e-flex e-con e-child\" data-id=\"028c997\" data-element_type=\"container\" data-e-type=\"container\">\n\t\t\t\t<div class=\"elementor-element elementor-element-94b4568 elementor-widget elementor-widget-image\" data-id=\"94b4568\" data-element_type=\"widget\" data-e-type=\"widget\" data-widget_type=\"image.default\">\n\t\t\t\t<div class=\"elementor-widget-container\">\n\t\t\t\t\t\t\t\t\t\t\t\t<figure class=\"wp-caption\">\n\t\t\t\t\t\t\t\t\t\t<img decoding=\"async\" width=\"640\" height=\"480\" src=\"https:\/\/velinn.com\/wp-content\/uploads\/2026\/01\/sao-sebastiao-tem-carnamar-e-carnaval-com-festas-tradicionais-foto-pmss.jpg\" class=\"attachment-large size-large wp-image-44621\" alt=\"S\u00e3o Sebasti\u00e3o tem Carnamar e carnaval de rua (Foto: Divulga\u00e7\u00e3o PMSS)\" srcset=\"https:\/\/velinn.com\/wp-content\/uploads\/2026\/01\/sao-sebastiao-tem-carnamar-e-carnaval-com-festas-tradicionais-foto-pmss.jpg 640w, https:\/\/velinn.com\/wp-content\/uploads\/2026\/01\/sao-sebastiao-tem-carnamar-e-carnaval-com-festas-tradicionais-foto-pmss-300x225.jpg 300w, https:\/\/velinn.com\/wp-content\/uploads\/2026\/01\/sao-sebastiao-tem-carnamar-e-carnaval-com-festas-tradicionais-foto-pmss-16x12.jpg 16w\" sizes=\"(max-width: 640px) 100vw, 640px\" \/>\t\t\t\t\t\t\t\t\t\t\t<figcaption class=\"widget-image-caption wp-caption-text\">S\u00e3o Sebasti\u00e3o tem Carnamar e carnaval de rua (Foto: Divulga\u00e7\u00e3o PMSS)<\/figcaption>\n\t\t\t\t\t\t\t\t\t\t<\/figure>\n\t\t\t\t\t\t\t\t\t<\/div>\n\t\t\t\t<\/div>\n\t\t\t\t<\/div>\n\t\t<div class=\"elementor-element elementor-element-827b962 e-con-full e-flex e-con e-child\" data-id=\"827b962\" data-element_type=\"container\" data-e-type=\"container\">\n\t\t\t\t<div class=\"elementor-element elementor-element-5943bcd elementor-widget elementor-widget-text-editor\" data-id=\"5943bcd\" data-element_type=\"widget\" data-e-type=\"widget\" data-widget_type=\"text-editor.default\">\n\t\t\t\t<div class=\"elementor-widget-container\">\n\t\t\t\t\t\t\t\t\t<h4><strong>S\u00e3o Sebasti\u00e3o<\/strong> \u2014 diversidade de ritmos e festas espalhadas pela cidade<\/h4><p>S\u00e3o Sebasti\u00e3o \u00e9 conhecida por um Carnaval democr\u00e1tico, com <strong>programa\u00e7\u00e3o distribu\u00edda em v\u00e1rios pontos<\/strong>, blocos tradicionais, bailes e festas para diferentes p\u00fablicos. A cidade permite escolher quando entrar no ritmo da folia e quando se afastar para descansar perto do mar.<\/p><p><i>Prepare seu Carnaval em S\u00e3o Sebasti\u00e3o com a tranquilidade de se sentir em casa.<\/i><\/p>\t\t\t\t\t\t\t\t<\/div>\n\t\t\t\t<\/div>\n\t\t<div class=\"elementor-element elementor-element-37faef9 e-con-full e-flex e-con e-child\" data-id=\"37faef9\" data-element_type=\"container\" data-e-type=\"container\">\n\t\t\t\t<div class=\"elementor-element elementor-element-ed55214 elementor-align-center elementor-widget elementor-widget-button\" data-id=\"ed55214\" data-element_type=\"widget\" data-e-type=\"widget\" data-widget_type=\"button.default\">\n\t\t\t\t<div class=\"elementor-widget-container\">\n\t\t\t\t\t\t\t\t\t<div class=\"elementor-button-wrapper\">\n\t\t\t\t\t<a class=\"elementor-button elementor-button-link elementor-size-sm\" href=\"https:\/\/reservas.velinn.com\/BookingChain?chainId=5921b455c19a3b2fc4dcdc4a&#038;utm_source=sitevelinn&#038;utm_medium=rede&#038;utm_term=blog&#038;utm_content=saoseba&#038;cities=Sao%20Sebastiao\">\n\t\t\t\t\t\t<span class=\"elementor-button-content-wrapper\">\n\t\t\t\t\t\t\t\t\t<span class=\"elementor-button-text\">Hospedagens em S\u00e3o Sebasti\u00e3o<\/span>\n\t\t\t\t\t<\/span>\n\t\t\t\t\t<\/a>\n\t\t\t\t<\/div>\n\t\t\t\t\t\t\t\t<\/div>\n\t\t\t\t<\/div>\n\t\t\t\t<\/div>\n\t\t\t\t<\/div>\n\t\t\t\t<\/div>\n\t\t<div class=\"elementor-element elementor-element-3b43bd9 e-con-full e-grid e-con e-child\" data-id=\"3b43bd9\" data-element_type=\"container\" data-e-type=\"container\" data-settings=\"{&quot;background_background&quot;:&quot;classic&quot;}\">\n\t\t<div class=\"elementor-element elementor-element-9b3db03 e-con-full e-flex e-con e-child\" data-id=\"9b3db03\" data-element_type=\"container\" data-e-type=\"container\">\n\t\t\t\t<div class=\"elementor-element elementor-element-d61a128 elementor-widget elementor-widget-image\" data-id=\"d61a128\" data-element_type=\"widget\" data-e-type=\"widget\" data-widget_type=\"image.default\">\n\t\t\t\t<div class=\"elementor-widget-container\">\n\t\t\t\t\t\t\t\t\t\t\t\t<figure class=\"wp-caption\">\n\t\t\t\t\t\t\t\t\t\t<img decoding=\"async\" width=\"640\" height=\"480\" src=\"https:\/\/velinn.com\/wp-content\/uploads\/2026\/01\/ubatuba-festival-de-marchinhas-fundart-foto-aloisio-santos.jpg\" class=\"attachment-large size-large wp-image-44622\" alt=\"Festival de Marchinhas de Ubatuba - Fundard (Foto: Alo\u00edsio Santos)\" srcset=\"https:\/\/velinn.com\/wp-content\/uploads\/2026\/01\/ubatuba-festival-de-marchinhas-fundart-foto-aloisio-santos.jpg 640w, https:\/\/velinn.com\/wp-content\/uploads\/2026\/01\/ubatuba-festival-de-marchinhas-fundart-foto-aloisio-santos-300x225.jpg 300w, https:\/\/velinn.com\/wp-content\/uploads\/2026\/01\/ubatuba-festival-de-marchinhas-fundart-foto-aloisio-santos-16x12.jpg 16w\" sizes=\"(max-width: 640px) 100vw, 640px\" \/>\t\t\t\t\t\t\t\t\t\t\t<figcaption class=\"widget-image-caption wp-caption-text\">Festival de Marchinhas de Ubatuba - Fundard (Foto: Alo\u00edsio Santos)<\/figcaption>\n\t\t\t\t\t\t\t\t\t\t<\/figure>\n\t\t\t\t\t\t\t\t\t<\/div>\n\t\t\t\t<\/div>\n\t\t\t\t<\/div>\n\t\t<div class=\"elementor-element elementor-element-dbf7dec e-con-full e-flex e-con e-child\" data-id=\"dbf7dec\" data-element_type=\"container\" data-e-type=\"container\">\n\t\t\t\t<div class=\"elementor-element elementor-element-fb84b2d elementor-widget elementor-widget-text-editor\" data-id=\"fb84b2d\" data-element_type=\"widget\" data-e-type=\"widget\" data-widget_type=\"text-editor.default\">\n\t\t\t\t<div class=\"elementor-widget-container\">\n\t\t\t\t\t\t\t\t\t<h4><strong>Ubatuba<\/strong> \u2014 marchinhas, blocos e clima familiar<\/h4><p>Em Ubatuba, o Carnaval mant\u00e9m um <strong>clima acolhedor e familiar, com festivais de marchinhas, blocos tradicionais e matin\u00eas<\/strong>. \u00c9 ideal para quem gosta da alegria do Carnaval cl\u00e1ssico, mas prefere um ambiente mais leve, que combina bem com praias extensas e dias ensolarados.<\/p><p><i>Viva o Carnaval de Ubatuba com tempo para celebrar e tempo para respirar.<\/i><\/p>\t\t\t\t\t\t\t\t<\/div>\n\t\t\t\t<\/div>\n\t\t<div class=\"elementor-element elementor-element-9906fbe e-con-full e-flex e-con e-child\" data-id=\"9906fbe\" data-element_type=\"container\" data-e-type=\"container\">\n\t\t\t\t<div class=\"elementor-element elementor-element-0569505 elementor-align-center elementor-widget elementor-widget-button\" data-id=\"0569505\" data-element_type=\"widget\" data-e-type=\"widget\" data-widget_type=\"button.default\">\n\t\t\t\t<div class=\"elementor-widget-container\">\n\t\t\t\t\t\t\t\t\t<div class=\"elementor-button-wrapper\">\n\t\t\t\t\t<a class=\"elementor-button elementor-button-link elementor-size-sm\" href=\"https:\/\/reservas.velinn.com\/BookingChain?chainId=5921b455c19a3b2fc4dcdc4a&#038;utm_source=sitevelinn&#038;utm_medium=rede&#038;utm_term=blog&#038;utm_content=ubatuba&#038;cities=Ubatuba\">\n\t\t\t\t\t\t<span class=\"elementor-button-content-wrapper\">\n\t\t\t\t\t\t\t\t\t<span class=\"elementor-button-text\">Conhe\u00e7a as pousadas de Ubatuba<\/span>\n\t\t\t\t\t<\/span>\n\t\t\t\t\t<\/a>\n\t\t\t\t<\/div>\n\t\t\t\t\t\t\t\t<\/div>\n\t\t\t\t<\/div>\n\t\t\t\t<\/div>\n\t\t\t\t<\/div>\n\t\t\t\t<\/div>\n\t\t<div class=\"elementor-element elementor-element-261417e e-con-full e-grid e-con e-child\" data-id=\"261417e\" data-element_type=\"container\" data-e-type=\"container\" data-settings=\"{&quot;background_background&quot;:&quot;classic&quot;}\">\n\t\t<div class=\"elementor-element elementor-element-6eb0b9d e-con-full e-flex e-con e-child\" data-id=\"6eb0b9d\" data-element_type=\"container\" data-e-type=\"container\">\n\t\t\t\t<div class=\"elementor-element elementor-element-2e344ac elementor-widget elementor-widget-image\" data-id=\"2e344ac\" data-element_type=\"widget\" data-e-type=\"widget\" data-widget_type=\"image.default\">\n\t\t\t\t<div class=\"elementor-widget-container\">\n\t\t\t\t\t\t\t\t\t\t\t\t<figure class=\"wp-caption\">\n\t\t\t\t\t\t\t\t\t\t<img loading=\"lazy\" decoding=\"async\" width=\"640\" height=\"480\" src=\"https:\/\/velinn.com\/wp-content\/uploads\/2026\/01\/carnaval-de-rua-em-paraty-paratycombr.jpg\" class=\"attachment-large size-large wp-image-44620\" alt=\"Folia tradicional em Paraty (Foto: Paraty.com.br)\" srcset=\"https:\/\/velinn.com\/wp-content\/uploads\/2026\/01\/carnaval-de-rua-em-paraty-paratycombr.jpg 640w, https:\/\/velinn.com\/wp-content\/uploads\/2026\/01\/carnaval-de-rua-em-paraty-paratycombr-300x225.jpg 300w, https:\/\/velinn.com\/wp-content\/uploads\/2026\/01\/carnaval-de-rua-em-paraty-paratycombr-16x12.jpg 16w\" sizes=\"(max-width: 640px) 100vw, 640px\" \/>\t\t\t\t\t\t\t\t\t\t\t<figcaption class=\"widget-image-caption wp-caption-text\">Folia tradicional em Paraty (Foto: Paraty.com.br)<\/figcaption>\n\t\t\t\t\t\t\t\t\t\t<\/figure>\n\t\t\t\t\t\t\t\t\t<\/div>\n\t\t\t\t<\/div>\n\t\t\t\t<\/div>\n\t\t<div class=\"elementor-element elementor-element-efe95d5 e-con-full e-flex e-con e-child\" data-id=\"efe95d5\" data-element_type=\"container\" data-e-type=\"container\">\n\t\t\t\t<div class=\"elementor-element elementor-element-e947199 elementor-widget elementor-widget-text-editor\" data-id=\"e947199\" data-element_type=\"widget\" data-e-type=\"widget\" data-widget_type=\"text-editor.default\">\n\t\t\t\t<div class=\"elementor-widget-container\">\n\t\t\t\t\t\t\t\t\t<h4><strong>Paraty<\/strong> \u2014 cultura, tradi\u00e7\u00e3o e folia com identidade<\/h4><p>O Carnaval de Paraty \u00e9 conhecido por seus <strong>blocos tradicionais e manifesta\u00e7\u00f5es culturais<\/strong>, que ocupam o centro hist\u00f3rico e d\u00e3o ao feriado um charme \u00fanico. Entre uma celebra\u00e7\u00e3o e outra, o visitante encontra praias, passeios de barco e o ritmo tranquilo das ruas de pedra.<\/p><p><i>Descubra Paraty no Carnaval e permita-se viver mem\u00f3rias que ficam para sempre.<\/i><\/p>\t\t\t\t\t\t\t\t<\/div>\n\t\t\t\t<\/div>\n\t\t<div class=\"elementor-element elementor-element-0bcc59b e-con-full e-flex e-con e-child\" data-id=\"0bcc59b\" data-element_type=\"container\" data-e-type=\"container\">\n\t\t\t\t<div class=\"elementor-element elementor-element-62e590a elementor-align-center elementor-widget elementor-widget-button\" data-id=\"62e590a\" data-element_type=\"widget\" data-e-type=\"widget\" data-widget_type=\"button.default\">\n\t\t\t\t<div class=\"elementor-widget-container\">\n\t\t\t\t\t\t\t\t\t<div class=\"elementor-button-wrapper\">\n\t\t\t\t\t<a class=\"elementor-button elementor-button-link elementor-size-sm\" href=\"https:\/\/reservas.velinn.com\/BookingChain?chainId=5921b455c19a3b2fc4dcdc4a&#038;utm_source=sitevelinn&#038;utm_medium=rede&#038;utm_term=blog&#038;utm_content=paraty&#038;cities=paraty\">\n\t\t\t\t\t\t<span class=\"elementor-button-content-wrapper\">\n\t\t\t\t\t\t\t\t\t<span class=\"elementor-button-text\">Conhe\u00e7a as pousadas de Paraty<\/span>\n\t\t\t\t\t<\/span>\n\t\t\t\t\t<\/a>\n\t\t\t\t<\/div>\n\t\t\t\t\t\t\t\t<\/div>\n\t\t\t\t<\/div>\n\t\t\t\t<\/div>\n\t\t\t\t<\/div>\n\t\t\t\t<\/div>\n\t\t<div class=\"elementor-element elementor-element-a5de541 e-con-full e-grid e-con e-child\" data-id=\"a5de541\" data-element_type=\"container\" data-e-type=\"container\" data-settings=\"{&quot;background_background&quot;:&quot;classic&quot;}\">\n\t\t<div class=\"elementor-element elementor-element-9b08321 e-con-full e-flex e-con e-child\" data-id=\"9b08321\" data-element_type=\"container\" data-e-type=\"container\">\n\t\t\t\t<div class=\"elementor-element elementor-element-ba96dd0 elementor-widget elementor-widget-image\" data-id=\"ba96dd0\" data-element_type=\"widget\" data-e-type=\"widget\" data-widget_type=\"image.default\">\n\t\t\t\t<div class=\"elementor-widget-container\">\n\t\t\t\t\t\t\t\t\t\t\t\t<figure class=\"wp-caption\">\n\t\t\t\t\t\t\t\t\t\t<img loading=\"lazy\" decoding=\"async\" width=\"640\" height=\"480\" src=\"https:\/\/velinn.com\/wp-content\/uploads\/2026\/01\/bloco-carnavalesco-angra-dos-reis-foto-abcar.jpg\" class=\"attachment-large size-large wp-image-44619\" alt=\"Blocos carnavalescos em Angra dos Reis (Foto: ABCAR)\" srcset=\"https:\/\/velinn.com\/wp-content\/uploads\/2026\/01\/bloco-carnavalesco-angra-dos-reis-foto-abcar.jpg 640w, https:\/\/velinn.com\/wp-content\/uploads\/2026\/01\/bloco-carnavalesco-angra-dos-reis-foto-abcar-300x225.jpg 300w, https:\/\/velinn.com\/wp-content\/uploads\/2026\/01\/bloco-carnavalesco-angra-dos-reis-foto-abcar-16x12.jpg 16w\" sizes=\"(max-width: 640px) 100vw, 640px\" \/>\t\t\t\t\t\t\t\t\t\t\t<figcaption class=\"widget-image-caption wp-caption-text\">Blocos carnavalescos em Angra dos Reis (Foto: ABCAR)<\/figcaption>\n\t\t\t\t\t\t\t\t\t\t<\/figure>\n\t\t\t\t\t\t\t\t\t<\/div>\n\t\t\t\t<\/div>\n\t\t\t\t<\/div>\n\t\t<div class=\"elementor-element elementor-element-43c982c e-con-full e-flex e-con e-child\" data-id=\"43c982c\" data-element_type=\"container\" data-e-type=\"container\">\n\t\t\t\t<div class=\"elementor-element elementor-element-11acf7c elementor-widget elementor-widget-text-editor\" data-id=\"11acf7c\" data-element_type=\"widget\" data-e-type=\"widget\" data-widget_type=\"text-editor.default\">\n\t\t\t\t<div class=\"elementor-widget-container\">\n\t\t\t\t\t\t\t\t\t<h4><strong>Angra dos Reis<\/strong> \u2014 festas, mar e contempla\u00e7\u00e3o<\/h4><p>Angra dos Reis oferece um Carnaval que pode ser vivido de diferentes formas: com <strong>festas locais<\/strong>, encontros animados e, ao mesmo tempo, com <strong>passeios de barco, ilhas e praias<\/strong> que convidam \u00e0 contempla\u00e7\u00e3o. Um destino vers\u00e1til, para quem quer celebrar sem excessos.<\/p><p><i>Escolha Angra para um Carnaval onde o mar tamb\u00e9m faz parte da festa.<\/i><\/p>\t\t\t\t\t\t\t\t<\/div>\n\t\t\t\t<\/div>\n\t\t<div class=\"elementor-element elementor-element-ca6c5e6 e-con-full e-flex e-con e-child\" data-id=\"ca6c5e6\" data-element_type=\"container\" data-e-type=\"container\">\n\t\t\t\t<div class=\"elementor-element elementor-element-bb1aef9 elementor-align-center elementor-widget elementor-widget-button\" data-id=\"bb1aef9\" data-element_type=\"widget\" data-e-type=\"widget\" data-widget_type=\"button.default\">\n\t\t\t\t<div class=\"elementor-widget-container\">\n\t\t\t\t\t\t\t\t\t<div class=\"elementor-button-wrapper\">\n\t\t\t\t\t<a class=\"elementor-button elementor-button-link elementor-size-sm\" href=\"https:\/\/reservas.velinn.com\/BookingChain?chainId=5921b455c19a3b2fc4dcdc4a&#038;utm_source=sitevelinn&#038;utm_medium=rede&#038;utm_term=blog&#038;utm_content=angradosreis&#038;new_window=true&#038;cities=Angra\">\n\t\t\t\t\t\t<span class=\"elementor-button-content-wrapper\">\n\t\t\t\t\t\t\t\t\t<span class=\"elementor-button-text\">Conhe\u00e7a as pousadas de Angra dos Reis<\/span>\n\t\t\t\t\t<\/span>\n\t\t\t\t\t<\/a>\n\t\t\t\t<\/div>\n\t\t\t\t\t\t\t\t<\/div>\n\t\t\t\t<\/div>\n\t\t\t\t<\/div>\n\t\t\t\t<\/div>\n\t\t\t\t<\/div>\n\t\t<div class=\"elementor-element elementor-element-9dd391f e-con-full e-grid e-con e-child\" data-id=\"9dd391f\" data-element_type=\"container\" data-e-type=\"container\" data-settings=\"{&quot;background_background&quot;:&quot;classic&quot;}\">\n\t\t<div class=\"elementor-element elementor-element-194fb61 e-con-full e-flex e-con e-child\" data-id=\"194fb61\" data-element_type=\"container\" data-e-type=\"container\">\n\t\t\t\t<div class=\"elementor-element elementor-element-30f2836 elementor-widget elementor-widget-image\" data-id=\"30f2836\" data-element_type=\"widget\" data-e-type=\"widget\" data-widget_type=\"image.default\">\n\t\t\t\t<div class=\"elementor-widget-container\">\n\t\t\t\t\t\t\t\t\t\t\t\t<figure class=\"wp-caption\">\n\t\t\t\t\t\t\t\t\t\t<img loading=\"lazy\" decoding=\"async\" width=\"640\" height=\"480\" src=\"https:\/\/velinn.com\/wp-content\/uploads\/2026\/01\/carnaval-em-foz-do-iguacu-foto-secretaria-municipal-de-turismo.jpg\" class=\"attachment-large size-large wp-image-44623\" alt=\"Carnaval em Foz do Igua\u00e7u - Visitantes nas Cataratas (Foto: Secretaria Municipal de Turismo - Foz do Igua\u00e7u)\" srcset=\"https:\/\/velinn.com\/wp-content\/uploads\/2026\/01\/carnaval-em-foz-do-iguacu-foto-secretaria-municipal-de-turismo.jpg 640w, https:\/\/velinn.com\/wp-content\/uploads\/2026\/01\/carnaval-em-foz-do-iguacu-foto-secretaria-municipal-de-turismo-300x225.jpg 300w, https:\/\/velinn.com\/wp-content\/uploads\/2026\/01\/carnaval-em-foz-do-iguacu-foto-secretaria-municipal-de-turismo-16x12.jpg 16w\" sizes=\"(max-width: 640px) 100vw, 640px\" \/>\t\t\t\t\t\t\t\t\t\t\t<figcaption class=\"widget-image-caption wp-caption-text\">Carnaval em Foz do Igua\u00e7u - Visitantes nas Cataratas (Foto: Secretaria Municipal de Turismo)<\/figcaption>\n\t\t\t\t\t\t\t\t\t\t<\/figure>\n\t\t\t\t\t\t\t\t\t<\/div>\n\t\t\t\t<\/div>\n\t\t\t\t<\/div>\n\t\t<div class=\"elementor-element elementor-element-408a64d e-con-full e-flex e-con e-child\" data-id=\"408a64d\" data-element_type=\"container\" data-e-type=\"container\">\n\t\t\t\t<div class=\"elementor-element elementor-element-790ec0d elementor-widget elementor-widget-text-editor\" data-id=\"790ec0d\" data-element_type=\"widget\" data-e-type=\"widget\" data-widget_type=\"text-editor.default\">\n\t\t\t\t<div class=\"elementor-widget-container\">\n\t\t\t\t\t\t\t\t\t<h4><strong>Foz do Igua\u00e7u<\/strong> \u2014 carnaval urbano com natureza exuberante<\/h4><p>Em Foz do Igua\u00e7u, o Carnaval acontece em clima mais local e criativo, com <strong>eventos de rua<\/strong> e encontros comunit\u00e1rios. Entre um momento de folia e outro, o destino convida a vivenciar uma das maiores belezas naturais do mundo: as Cataratas do Igua\u00e7u.<\/p><p><i>Transforme o Carnaval em Foz do Igua\u00e7u em uma experi\u00eancia completa de descoberta.<\/i><\/p>\t\t\t\t\t\t\t\t<\/div>\n\t\t\t\t<\/div>\n\t\t<div class=\"elementor-element elementor-element-94ec3c4 e-con-full e-flex e-con e-child\" data-id=\"94ec3c4\" data-element_type=\"container\" data-e-type=\"container\">\n\t\t\t\t<div class=\"elementor-element elementor-element-e2109f0 elementor-align-center elementor-widget elementor-widget-button\" data-id=\"e2109f0\" data-element_type=\"widget\" data-e-type=\"widget\" data-widget_type=\"button.default\">\n\t\t\t\t<div class=\"elementor-widget-container\">\n\t\t\t\t\t\t\t\t\t<div class=\"elementor-button-wrapper\">\n\t\t\t\t\t<a class=\"elementor-button elementor-button-link elementor-size-sm\" href=\"https:\/\/reservas.velinn.com\/BookingChain?chainId=5921b455c19a3b2fc4dcdc4a&#038;utm_source=sitevelinn&#038;utm_medium=rede&#038;utm_term=blog&#038;utm_content=fozidoguacu&#038;new_window=true&#038;cities=foz+do+iguacu\">\n\t\t\t\t\t\t<span class=\"elementor-button-content-wrapper\">\n\t\t\t\t\t\t\t\t\t<span class=\"elementor-button-text\">Hospedagens em Foz do Igua\u00e7u<\/span>\n\t\t\t\t\t<\/span>\n\t\t\t\t\t<\/a>\n\t\t\t\t<\/div>\n\t\t\t\t\t\t\t\t<\/div>\n\t\t\t\t<\/div>\n\t\t\t\t<\/div>\n\t\t\t\t<\/div>\n\t\t\t\t<\/div>\n\t\t\t\t<\/div>\n\t\t<div class=\"elementor-element elementor-element-1e022a5 e-con-full e-flex e-con e-child\" data-id=\"1e022a5\" data-element_type=\"container\" data-e-type=\"container\">\n\t\t\t\t<div class=\"elementor-element elementor-element-ab5ba4b elementor-widget elementor-widget-text-editor\" data-id=\"ab5ba4b\" data-element_type=\"widget\" data-e-type=\"widget\" data-widget_type=\"text-editor.default\">\n\t\t\t\t<div class=\"elementor-widget-container\">\n\t\t\t\t\t\t\t\t\t<h2 style=\"text-align: center;\">Destinos para descansar e desacelerar no Carnaval<\/h2><h3 style=\"text-align: center;\"><span style=\"color: #082bc4;\">Carnaval na serra: sil\u00eancio, natureza e reconex\u00e3o<\/span><\/h3><p>Para quem prefere aproveitar o feriado de Carnaval 2026 como uma pausa do cotidiano, os <strong>destinos de montanha s\u00e3o verdadeiros portos seguros<\/strong>. Sem grandes festas de rua, eles oferecem natureza, gastronomia e a chance de viver o Carnaval em outro compasso.<\/p>\t\t\t\t\t\t\t\t<\/div>\n\t\t\t\t<\/div>\n\t\t\t\t<div class=\"elementor-element elementor-element-8e392e5 elementor-widget elementor-widget-menu-anchor\" data-id=\"8e392e5\" data-element_type=\"widget\" data-e-type=\"widget\" data-widget_type=\"menu-anchor.default\">\n\t\t\t\t<div class=\"elementor-widget-container\">\n\t\t\t\t\t\t\t<div class=\"elementor-menu-anchor\" id=\"descanso-nas-montanhas\"><\/div>\n\t\t\t\t\t\t<\/div>\n\t\t\t\t<\/div>\n\t\t<div class=\"elementor-element elementor-element-10e08fc e-grid e-con-full e-con e-child\" data-id=\"10e08fc\" data-element_type=\"container\" data-e-type=\"container\">\n\t\t<div class=\"elementor-element elementor-element-b3f9ab2 e-con-full e-grid e-con e-child\" data-id=\"b3f9ab2\" data-element_type=\"container\" data-e-type=\"container\" data-settings=\"{&quot;background_background&quot;:&quot;classic&quot;}\">\n\t\t<div class=\"elementor-element elementor-element-918b8c6 e-con-full e-flex e-con e-child\" data-id=\"918b8c6\" data-element_type=\"container\" data-e-type=\"container\">\n\t\t\t\t<div class=\"elementor-element elementor-element-1a074a7 elementor-widget elementor-widget-image\" data-id=\"1a074a7\" data-element_type=\"widget\" data-e-type=\"widget\" data-widget_type=\"image.default\">\n\t\t\t\t<div class=\"elementor-widget-container\">\n\t\t\t\t\t\t\t\t\t\t\t\t\t\t\t<img loading=\"lazy\" decoding=\"async\" width=\"640\" height=\"480\" src=\"https:\/\/velinn.com\/wp-content\/uploads\/2026\/01\/campos-do-jordao-no-carnaval-onde-se-hospedar-velinn-hoteis-e-pousadas.jpg\" class=\"attachment-large size-large wp-image-44637\" alt=\"Campos do Jord\u00e3o no Carnaval - Onde se hospedar - Velinn Hot\u00e9is e Pousadas\" srcset=\"https:\/\/velinn.com\/wp-content\/uploads\/2026\/01\/campos-do-jordao-no-carnaval-onde-se-hospedar-velinn-hoteis-e-pousadas.jpg 640w, https:\/\/velinn.com\/wp-content\/uploads\/2026\/01\/campos-do-jordao-no-carnaval-onde-se-hospedar-velinn-hoteis-e-pousadas-300x225.jpg 300w, https:\/\/velinn.com\/wp-content\/uploads\/2026\/01\/campos-do-jordao-no-carnaval-onde-se-hospedar-velinn-hoteis-e-pousadas-16x12.jpg 16w\" sizes=\"(max-width: 640px) 100vw, 640px\" \/>\t\t\t\t\t\t\t\t\t\t\t\t\t\t\t<\/div>\n\t\t\t\t<\/div>\n\t\t\t\t<\/div>\n\t\t<div class=\"elementor-element elementor-element-e0429ad e-con-full e-flex e-con e-child\" data-id=\"e0429ad\" data-element_type=\"container\" data-e-type=\"container\">\n\t\t\t\t<div class=\"elementor-element elementor-element-adc034a elementor-widget elementor-widget-text-editor\" data-id=\"adc034a\" data-element_type=\"widget\" data-e-type=\"widget\" data-widget_type=\"text-editor.default\">\n\t\t\t\t<div class=\"elementor-widget-container\">\n\t\t\t\t\t\t\t\t\t<h4><strong>Campos do Jord\u00e3o<\/strong> \u2014 charme, natureza e conforto<\/h4><p>Durante o Carnaval, Campos do Jord\u00e3o revela um lado mais sereno. <strong>Parques, trilhas leves, passeios pelo Capivari<\/strong> e visitas culturais criam dias equilibrados entre lazer e descanso. \u00c9 o destino ideal para quem quer fugir do excesso sem abrir m\u00e3o de estrutura e charme.<\/p><p><i>Garanta seu ref\u00fagio de Carnaval em Campos do Jord\u00e3o com o cuidado Velinn.<\/i><\/p>\t\t\t\t\t\t\t\t<\/div>\n\t\t\t\t<\/div>\n\t\t<div class=\"elementor-element elementor-element-125f6ab e-con-full e-flex e-con e-child\" data-id=\"125f6ab\" data-element_type=\"container\" data-e-type=\"container\">\n\t\t\t\t<div class=\"elementor-element elementor-element-129ee15 elementor-align-center elementor-widget elementor-widget-button\" data-id=\"129ee15\" data-element_type=\"widget\" data-e-type=\"widget\" data-widget_type=\"button.default\">\n\t\t\t\t<div class=\"elementor-widget-container\">\n\t\t\t\t\t\t\t\t\t<div class=\"elementor-button-wrapper\">\n\t\t\t\t\t<a class=\"elementor-button elementor-button-link elementor-size-sm\" href=\"https:\/\/reservas.velinn.com\/BookingChain?chainId=5921b455c19a3b2fc4dcdc4a&#038;utm_source=sitevelinn&#038;utm_medium=rede&#038;utm_term=blog&#038;utm_content=camposdojordao&#038;new_window=true&#038;cities=Campos%20Do%20Jordao\">\n\t\t\t\t\t\t<span class=\"elementor-button-content-wrapper\">\n\t\t\t\t\t\t\t\t\t<span class=\"elementor-button-text\">Conhe\u00e7a hot\u00e9is de Campos de Jord\u00e3o<\/span>\n\t\t\t\t\t<\/span>\n\t\t\t\t\t<\/a>\n\t\t\t\t<\/div>\n\t\t\t\t\t\t\t\t<\/div>\n\t\t\t\t<\/div>\n\t\t\t\t<\/div>\n\t\t\t\t<\/div>\n\t\t\t\t<\/div>\n\t\t<div class=\"elementor-element elementor-element-b89d757 e-con-full e-grid e-con e-child\" data-id=\"b89d757\" data-element_type=\"container\" data-e-type=\"container\" data-settings=\"{&quot;background_background&quot;:&quot;classic&quot;}\">\n\t\t<div class=\"elementor-element elementor-element-e869308 e-con-full e-flex e-con e-child\" data-id=\"e869308\" data-element_type=\"container\" data-e-type=\"container\">\n\t\t\t\t<div class=\"elementor-element elementor-element-b2eda9c elementor-widget elementor-widget-image\" data-id=\"b2eda9c\" data-element_type=\"widget\" data-e-type=\"widget\" data-widget_type=\"image.default\">\n\t\t\t\t<div class=\"elementor-widget-container\">\n\t\t\t\t\t\t\t\t\t\t\t\t<figure class=\"wp-caption\">\n\t\t\t\t\t\t\t\t\t\t<img loading=\"lazy\" decoding=\"async\" width=\"640\" height=\"480\" src=\"https:\/\/velinn.com\/wp-content\/uploads\/2026\/01\/monte-verde-no-carnaval-onde-se-hospedar-velinn-hoteis-e-pousadas.jpg\" class=\"attachment-large size-large wp-image-44635\" alt=\"Monte Verde no Carnaval - Onde se hospedar - Velinn Hot\u00e9is e Pousadas\" srcset=\"https:\/\/velinn.com\/wp-content\/uploads\/2026\/01\/monte-verde-no-carnaval-onde-se-hospedar-velinn-hoteis-e-pousadas.jpg 640w, https:\/\/velinn.com\/wp-content\/uploads\/2026\/01\/monte-verde-no-carnaval-onde-se-hospedar-velinn-hoteis-e-pousadas-300x225.jpg 300w, https:\/\/velinn.com\/wp-content\/uploads\/2026\/01\/monte-verde-no-carnaval-onde-se-hospedar-velinn-hoteis-e-pousadas-16x12.jpg 16w\" sizes=\"(max-width: 640px) 100vw, 640px\" \/>\t\t\t\t\t\t\t\t\t\t\t<figcaption class=\"widget-image-caption wp-caption-text\"><\/figcaption>\n\t\t\t\t\t\t\t\t\t\t<\/figure>\n\t\t\t\t\t\t\t\t\t<\/div>\n\t\t\t\t<\/div>\n\t\t\t\t<\/div>\n\t\t<div class=\"elementor-element elementor-element-e9cb7f6 e-con-full e-flex e-con e-child\" data-id=\"e9cb7f6\" data-element_type=\"container\" data-e-type=\"container\">\n\t\t\t\t<div class=\"elementor-element elementor-element-c083d93 elementor-widget elementor-widget-text-editor\" data-id=\"c083d93\" data-element_type=\"widget\" data-e-type=\"widget\" data-widget_type=\"text-editor.default\">\n\t\t\t\t<div class=\"elementor-widget-container\">\n\t\t\t\t\t\t\t\t\t<h4><strong>Monte Verde<\/strong> \u2014 trilhas, vilas charmosas e aconchego<\/h4><p>Monte Verde \u00e9 um convite ao sil\u00eancio e \u00e0 conex\u00e3o com a natureza. Trilhas leves, vilas acolhedoras, caf\u00e9s e restaurantes criam um cen\u00e1rio perfeito para casais e <strong>viajantes que desejam um Carnaval longe do barulho<\/strong>, mas cheio de significado.<\/p><p><i>Prepare seu Carnaval em Monte Verde no ritmo da Serra da Mantiqueira.<\/i><\/p>\t\t\t\t\t\t\t\t<\/div>\n\t\t\t\t<\/div>\n\t\t<div class=\"elementor-element elementor-element-d75a11f e-con-full e-flex e-con e-child\" data-id=\"d75a11f\" data-element_type=\"container\" data-e-type=\"container\">\n\t\t\t\t<div class=\"elementor-element elementor-element-488644b elementor-align-center elementor-widget elementor-widget-button\" data-id=\"488644b\" data-element_type=\"widget\" data-e-type=\"widget\" data-widget_type=\"button.default\">\n\t\t\t\t<div class=\"elementor-widget-container\">\n\t\t\t\t\t\t\t\t\t<div class=\"elementor-button-wrapper\">\n\t\t\t\t\t<a class=\"elementor-button elementor-button-link elementor-size-sm\" href=\"https:\/\/reservas.velinn.com\/BookingChain?chainId=5921b455c19a3b2fc4dcdc4a&#038;cities=camanducaia&#038;utm_source=sitevelinn&#038;utm_medium=rede&#038;utm_term=blog\/\">\n\t\t\t\t\t\t<span class=\"elementor-button-content-wrapper\">\n\t\t\t\t\t\t\t\t\t<span class=\"elementor-button-text\">Conhe\u00e7a as pousadas de Monte Verde<\/span>\n\t\t\t\t\t<\/span>\n\t\t\t\t\t<\/a>\n\t\t\t\t<\/div>\n\t\t\t\t\t\t\t\t<\/div>\n\t\t\t\t<\/div>\n\t\t\t\t<\/div>\n\t\t\t\t<\/div>\n\t\t\t\t<\/div>\n\t\t<div class=\"elementor-element elementor-element-170b591 e-con-full e-grid e-con e-child\" data-id=\"170b591\" data-element_type=\"container\" data-e-type=\"container\" data-settings=\"{&quot;background_background&quot;:&quot;classic&quot;}\">\n\t\t<div class=\"elementor-element elementor-element-7000465 e-con-full e-flex e-con e-child\" data-id=\"7000465\" data-element_type=\"container\" data-e-type=\"container\">\n\t\t\t\t<div class=\"elementor-element elementor-element-430d664 elementor-widget elementor-widget-image\" data-id=\"430d664\" data-element_type=\"widget\" data-e-type=\"widget\" data-widget_type=\"image.default\">\n\t\t\t\t<div class=\"elementor-widget-container\">\n\t\t\t\t\t\t\t\t\t\t\t\t<figure class=\"wp-caption\">\n\t\t\t\t\t\t\t\t\t\t<img loading=\"lazy\" decoding=\"async\" width=\"640\" height=\"480\" src=\"https:\/\/velinn.com\/wp-content\/uploads\/2026\/01\/santo-antonio-do-pinhal-no-carnaval-onde-se-hospedar-velinn-hoteis-e-pousadas.jpg\" class=\"attachment-large size-large wp-image-44636\" alt=\"Santo Ant\u00f4nio do Pinhal no Carnaval - Onde se hospedar - Velinn Hot\u00e9is e Pousadas\" srcset=\"https:\/\/velinn.com\/wp-content\/uploads\/2026\/01\/santo-antonio-do-pinhal-no-carnaval-onde-se-hospedar-velinn-hoteis-e-pousadas.jpg 640w, https:\/\/velinn.com\/wp-content\/uploads\/2026\/01\/santo-antonio-do-pinhal-no-carnaval-onde-se-hospedar-velinn-hoteis-e-pousadas-300x225.jpg 300w, https:\/\/velinn.com\/wp-content\/uploads\/2026\/01\/santo-antonio-do-pinhal-no-carnaval-onde-se-hospedar-velinn-hoteis-e-pousadas-16x12.jpg 16w\" sizes=\"(max-width: 640px) 100vw, 640px\" \/>\t\t\t\t\t\t\t\t\t\t\t<figcaption class=\"widget-image-caption wp-caption-text\"><\/figcaption>\n\t\t\t\t\t\t\t\t\t\t<\/figure>\n\t\t\t\t\t\t\t\t\t<\/div>\n\t\t\t\t<\/div>\n\t\t\t\t<\/div>\n\t\t<div class=\"elementor-element elementor-element-e82a8bb e-con-full e-flex e-con e-child\" data-id=\"e82a8bb\" data-element_type=\"container\" data-e-type=\"container\">\n\t\t\t\t<div class=\"elementor-element elementor-element-9d32c46 elementor-widget elementor-widget-text-editor\" data-id=\"9d32c46\" data-element_type=\"widget\" data-e-type=\"widget\" data-widget_type=\"text-editor.default\">\n\t\t\t\t<div class=\"elementor-widget-container\">\n\t\t\t\t\t\t\t\t\t<h4><strong>Santo Ant\u00f4nio do Pinhal<\/strong> \u2014 contempla\u00e7\u00e3o e sabores da serra<\/h4><p>Pequena e tranquila, Santo Ant\u00f4nio do Pinhal \u00e9 ideal para quem busca <strong>descanso absoluto<\/strong>. Mirantes, natureza preservada, restaurantes intimistas e vin\u00edcolas locais transformam o feriado em uma experi\u00eancia sensorial e afetiva.<\/p><p><i>Escolha Santo Ant\u00f4nio do Pinhal e celebre o Carnaval com calma.<\/i><\/p>\t\t\t\t\t\t\t\t<\/div>\n\t\t\t\t<\/div>\n\t\t<div class=\"elementor-element elementor-element-af7d3fb e-con-full e-flex e-con e-child\" data-id=\"af7d3fb\" data-element_type=\"container\" data-e-type=\"container\">\n\t\t\t\t<div class=\"elementor-element elementor-element-459e06e elementor-align-center elementor-widget elementor-widget-button\" data-id=\"459e06e\" data-element_type=\"widget\" data-e-type=\"widget\" data-widget_type=\"button.default\">\n\t\t\t\t<div class=\"elementor-widget-container\">\n\t\t\t\t\t\t\t\t\t<div class=\"elementor-button-wrapper\">\n\t\t\t\t\t<a class=\"elementor-button elementor-button-link elementor-size-sm\" href=\"https:\/\/reservas.velinn.com\/BookingChain?chainId=5921b455c19a3b2fc4dcdc4a&#038;utm_source=sitevelinn&#038;utm_medium=rede&#038;utm_term=destino&#038;utm_content=sap&#038;new_window=true&#038;cities=Santo%20Antonio%20do%20Pinhal\">\n\t\t\t\t\t\t<span class=\"elementor-button-content-wrapper\">\n\t\t\t\t\t\t\t\t\t<span class=\"elementor-button-text\">Hospedagens de Santo Ant\u00f4nio do Pinhal<\/span>\n\t\t\t\t\t<\/span>\n\t\t\t\t\t<\/a>\n\t\t\t\t<\/div>\n\t\t\t\t\t\t\t\t<\/div>\n\t\t\t\t<\/div>\n\t\t\t\t<\/div>\n\t\t\t\t<\/div>\n\t\t\t\t<\/div>\n\t\t\t\t<\/div>\n\t\t\t\t<\/div>\n\t\t<div class=\"elementor-element elementor-element-ce2cf0d e-con-full e-flex e-con e-child\" data-id=\"ce2cf0d\" data-element_type=\"container\" data-e-type=\"container\">\n\t\t<div class=\"elementor-element elementor-element-1145994 e-con-full e-flex e-con e-child\" data-id=\"1145994\" data-element_type=\"container\" data-e-type=\"container\">\n\t\t<div class=\"elementor-element elementor-element-b98bd0c e-con-full e-flex e-con e-child\" data-id=\"b98bd0c\" data-element_type=\"container\" data-e-type=\"container\" data-settings=\"{&quot;background_background&quot;:&quot;classic&quot;}\">\n\t\t\t\t<div class=\"elementor-element elementor-element-f01214b elementor-widget elementor-widget-heading\" data-id=\"f01214b\" data-element_type=\"widget\" data-e-type=\"widget\" data-widget_type=\"heading.default\">\n\t\t\t\t<div class=\"elementor-widget-container\">\n\t\t\t\t\t<h2 class=\"elementor-heading-title elementor-size-default\">Aceite o convite da Velinn e surpreenda-se!<\/h2>\t\t\t\t<\/div>\n\t\t\t\t<\/div>\n\t\t\t\t<div class=\"elementor-element elementor-element-1d1bdea elementor-widget elementor-widget-text-editor\" data-id=\"1d1bdea\" data-element_type=\"widget\" data-e-type=\"widget\" data-widget_type=\"text-editor.default\">\n\t\t\t\t<div class=\"elementor-widget-container\">\n\t\t\t\t\t\t\t\t\t<p><span style=\"font-weight: 400;\">O Carnaval \u00e9 um dos per\u00edodos mais desejados do ano, e cada destino tem seu tempo, seu ritmo e sua forma de acolher. Por isso, planejar com carinho faz toda a diferen\u00e7a.<\/span><span style=\"font-weight: 400;\"><br \/><\/span><\/p><p><span style=\"font-weight: 400;\">Ao reservar pelo site da Velinn, voc\u00ea garante mais do que uma hospedagem: <\/span><b>garante tranquilidade, curadoria e a certeza de que ser\u00e1 cuidado<\/b><span style=\"font-weight: 400;\">, seja no som dos blocos ou no sil\u00eancio das montanhas.<\/span><\/p><p><i><span style=\"font-weight: 400;\">Prepare seu Carnaval com anteced\u00eancia e escolha o ritmo que combina com voc\u00ea. <br \/><\/span><\/i><i><span style=\"font-weight: 400;\">A Velinn cuida do resto.<\/span><\/i><\/p>\t\t\t\t\t\t\t\t<\/div>\n\t\t\t\t<\/div>\n\t\t\t\t<div class=\"elementor-element elementor-element-871f96d elementor-align-center elementor-widget elementor-widget-button\" data-id=\"871f96d\" data-element_type=\"widget\" data-e-type=\"widget\" data-widget_type=\"button.default\">\n\t\t\t\t<div class=\"elementor-widget-container\">\n\t\t\t\t\t\t\t\t\t<div class=\"elementor-button-wrapper\">\n\t\t\t\t\t<a class=\"elementor-button elementor-button-link elementor-size-sm\" href=\"https:\/\/reservas.velinn.com\/BookingChain?chainId=5921b455c19a3b2fc4dcdc4a&#038;utm_source=sitevelinn&#038;utm_medium=rede&#038;utm_term=blog&#038;utm_content=botao&#038;new_window=true\/\">\n\t\t\t\t\t\t<span class=\"elementor-button-content-wrapper\">\n\t\t\t\t\t\t\t\t\t<span class=\"elementor-button-text\">Reserve sua Acomoda\u00e7\u00e3o na Velinn<\/span>\n\t\t\t\t\t<\/span>\n\t\t\t\t\t<\/a>\n\t\t\t\t<\/div>\n\t\t\t\t\t\t\t\t<\/div>\n\t\t\t\t<\/div>\n\t\t\t\t<div class=\"elementor-element elementor-element-b0def45 elementor-icon-list--layout-inline elementor-align-center elementor-list-item-link-full_width elementor-widget elementor-widget-icon-list\" data-id=\"b0def45\" data-element_type=\"widget\" data-e-type=\"widget\" data-widget_type=\"icon-list.default\">\n\t\t\t\t<div class=\"elementor-widget-container\">\n\t\t\t\t\t\t\t<ul class=\"elementor-icon-list-items elementor-inline-items\">\n\t\t\t\t\t\t\t<li class=\"elementor-icon-list-item elementor-inline-item\">\n\t\t\t\t\t\t\t\t\t\t\t<span class=\"elementor-icon-list-icon\">\n\t\t\t\t\t\t\t<svg aria-hidden=\"true\" class=\"e-font-icon-svg e-fas-fire\" viewbox=\"0 0 384 512\" xmlns=\"http:\/\/www.w3.org\/2000\/svg\"><path d=\"M216 23.86c0-23.8-30.65-32.77-44.15-13.04C48 191.85 224 200 224 288c0 35.63-29.11 64.46-64.85 63.99-35.17-.45-63.15-29.77-63.15-64.94v-85.51c0-21.7-26.47-32.23-41.43-16.5C27.8 213.16 0 261.33 0 320c0 105.87 86.13 192 192 192s192-86.13 192-192c0-170.29-168-193-168-296.14z\"><\/path><\/svg>\t\t\t\t\t\t<\/span>\n\t\t\t\t\t\t\t\t\t\t<span class=\"elementor-icon-list-text\">Vagas limitadas, consulte op\u00e7\u00f5es dispon\u00edveis.<\/span>\n\t\t\t\t\t\t\t\t\t<\/li>\n\t\t\t\t\t\t<\/ul>\n\t\t\t\t\t\t<\/div>\n\t\t\t\t<\/div>\n\t\t\t\t<\/div>\n\t\t\t\t<\/div>\n\t\t\t\t<\/div>\n\t\t\t\t\t<\/div>\n\t\t\t\t<\/div>\n\t\t\t\t<\/div>","protected":false},"excerpt":{"rendered":"<p>Carnaval na praia ou nas montanhas? Descubra destinos Velinn para viver o feriado no seu ritmo, entre folia \u00e0 beira-mar ou descanso em ref\u00fagios tranquilos.<\/p>","protected":false},"author":11,"featured_media":44695,"comment_status":"closed","ping_status":"closed","sticky":false,"template":"","format":"standard","meta":{"_acf_changed":false,"footnotes":"","_links_to":"","_links_to_target":""},"categories":[10],"tags":[66,67,70,63,68,65,69,64,61,60,62,59],"class_list":["post-44549","post","type-post","status-publish","format-standard","has-post-thumbnail","hentry","category-blog","tag-carnaval-em-angra-dos-reis","tag-carnaval-em-campos-do-jordao","tag-carnaval-em-foz-do-iguacu","tag-carnaval-em-ilhabela","tag-carnaval-em-monte-verde","tag-carnaval-em-paraty","tag-carnaval-em-santo-antonio-do-pinhal","tag-carnaval-em-ubatuba","tag-carnaval-na-praia","tag-carnaval-no-brasil","tag-carnaval-tranquilo","tag-destinos-para-o-carnaval"],"acf":[],"_links":{"self":[{"href":"https:\/\/velinn.com\/es\/wp-json\/wp\/v2\/posts\/44549","targetHints":{"allow":["GET"]}}],"collection":[{"href":"https:\/\/velinn.com\/es\/wp-json\/wp\/v2\/posts"}],"about":[{"href":"https:\/\/velinn.com\/es\/wp-json\/wp\/v2\/types\/post"}],"author":[{"embeddable":true,"href":"https:\/\/velinn.com\/es\/wp-json\/wp\/v2\/users\/11"}],"replies":[{"embeddable":true,"href":"https:\/\/velinn.com\/es\/wp-json\/wp\/v2\/comments?post=44549"}],"version-history":[{"count":30,"href":"https:\/\/velinn.com\/es\/wp-json\/wp\/v2\/posts\/44549\/revisions"}],"predecessor-version":[{"id":45263,"href":"https:\/\/velinn.com\/es\/wp-json\/wp\/v2\/posts\/44549\/revisions\/45263"}],"wp:featuredmedia":[{"embeddable":true,"href":"https:\/\/velinn.com\/es\/wp-json\/wp\/v2\/media\/44695"}],"wp:attachment":[{"href":"https:\/\/velinn.com\/es\/wp-json\/wp\/v2\/media?parent=44549"}],"wp:term":[{"taxonomy":"category","embeddable":true,"href":"https:\/\/velinn.com\/es\/wp-json\/wp\/v2\/categories?post=44549"},{"taxonomy":"post_tag","embeddable":true,"href":"https:\/\/velinn.com\/es\/wp-json\/wp\/v2\/tags?post=44549"}],"curies":[{"name":"wp","href":"https:\/\/api.w.org\/{rel}","templated":true}]}}